{"id":230054,"date":"2025-02-28T11:05:45","date_gmt":"2025-02-28T10:05:45","guid":{"rendered":"https:\/\/www.messinaoggi.it\/website\/2025\/02\/28\/dazi-dombrovskis-rischio-e-che-pil-mondiale-crolli-del-7\/"},"modified":"2025-02-28T11:05:45","modified_gmt":"2025-02-28T10:05:45","slug":"dazi-dombrovskis-rischio-e-che-pil-mondiale-crolli-del-7","status":"publish","type":"post","link":"https:\/\/www.messinaoggi.it\/website\/2025\/02\/28\/dazi-dombrovskis-rischio-e-che-pil-mondiale-crolli-del-7\/","title":{"rendered":"Dazi, Dombrovskis \u201cRischio \u00e8 che Pil mondiale crolli del 7%\u201d"},"content":{"rendered":"<div>ROMA (ITALPRESS) &#8211; I dazi &#8220;li consideriamo ingiustificati. Sar\u00e0 un problema per la crescita economica sia in Europa sia negli Stati Uniti. E anche altri Paesi. C&#8217;\u00e8 il rischio che si verifichi una frammentazione economica globale. Ci sono stime del Fmi secondo cui a medio termine il Pil globale scender\u00e0 del 7%. E&#8217; come perdere il Pil complessivo della Germania e della Francia. L&#8217;impatto negativo \u00e8 evidente&#8221;. Cos\u00ec, in un&#8217;intervista a la Repubblica, il commissario Ue agli Affari economici Valdis Dombrovskis. &#8220;E&#8217; uno scenario che vogliamo scongiurare. Continueremo a impegnarci con gli Stati Uniti con un approccio positivo. Ma siamo pronti a reagire in modo fermo e proporzionato con dei contro-dazi quando sar\u00e0 necessario. Difenderemo le nostre aziende, i nostri lavoratori e i consumatori. Al momento ci sono diversi annunci del presidente Trump, ma solo quelli. Quindi sar\u00e0 necessario quando queste dichiarazioni si tradurranno in misure concrete&#8221;, aggiunge. Comunque osserva Dombrovskis, &#8220;gi\u00e0 4-5 anni fa Trump ha imposto dei dazi sull&#8217;acciaio e sull&#8217;alluminio e noi abbiamo reagito e poi negoziato&#8221;.<br \/>(ITALPRESS).<br \/>-Foto: Ipa Agency-<\/div>\n<div id=\"div-gpt-ad-Messinaoggi.it-DSK-300x250-corpoart\" style=\"text-align:center;margin:0 auto;\"><\/div><\/p><div id=\"videoincontent\" style=\"clear:both\";><\/div>","protected":false},"excerpt":{"rendered":"<p>ROMA (ITALPRESS) &#8211; I dazi &#8220;li consideriamo ingiustificati. Sar\u00e0 un problema per la crescita economica sia in Europa sia negli Stati Uniti. E anche altri Paesi. C&#8217;\u00e8 il rischio che si verifichi una frammentazione economica globale. Ci sono stime del Fmi secondo cui a medio termine il Pil globale scender\u00e0 del 7%. E&#8217; come perdere [&hellip;]<\/p>\n","protected":false},"author":18,"featured_media":230055,"comment_status":"closed","ping_status":"closed","sticky":false,"template":"","format":"standard","meta":{"ub_ctt_via":"","_mi_skip_tracking":false},"categories":[446],"tags":[783],"featured_image_src":"https:\/\/www.messinaoggi.it\/website\/wp-content\/uploads\/2025\/02\/20250228_0234.jpg","author_info":{"display_name":"Admin","author_link":"https:\/\/www.messinaoggi.it\/website\/author\/admin\/"},"digistream_id":0,"digistream":false,"_links":{"self":[{"href":"https:\/\/www.messinaoggi.it\/website\/wp-json\/wp\/v2\/posts\/230054"}],"collection":[{"href":"https:\/\/www.messinaoggi.it\/website\/wp-json\/wp\/v2\/posts"}],"about":[{"href":"https:\/\/www.messinaoggi.it\/website\/wp-json\/wp\/v2\/types\/post"}],"author":[{"embeddable":true,"href":"https:\/\/www.messinaoggi.it\/website\/wp-json\/wp\/v2\/users\/18"}],"replies":[{"embeddable":true,"href":"https:\/\/www.messinaoggi.it\/website\/wp-json\/wp\/v2\/comments?post=230054"}],"version-history":[{"count":0,"href":"https:\/\/www.messinaoggi.it\/website\/wp-json\/wp\/v2\/posts\/230054\/revisions"}],"wp:featuredmedia":[{"embeddable":true,"href":"https:\/\/www.messinaoggi.it\/website\/wp-json\/wp\/v2\/media\/230055"}],"wp:attachment":[{"href":"https:\/\/www.messinaoggi.it\/website\/wp-json\/wp\/v2\/media?parent=230054"}],"wp:term":[{"taxonomy":"category","embeddable":true,"href":"https:\/\/www.messinaoggi.it\/website\/wp-json\/wp\/v2\/categories?post=230054"},{"taxonomy":"post_tag","embeddable":true,"href":"https:\/\/www.messinaoggi.it\/website\/wp-json\/wp\/v2\/tags?post=230054"}],"curies":[{"name":"wp","href":"https:\/\/api.w.org\/{rel}","templated":true}]}}