{"id":230050,"date":"2025-02-28T11:05:41","date_gmt":"2025-02-28T10:05:41","guid":{"rendered":"https:\/\/www.messinaoggi.it\/website\/2025\/02\/28\/di-costanzo-su-digitale-e-ia-investire-nella-conoscenza\/"},"modified":"2025-02-28T11:05:41","modified_gmt":"2025-02-28T10:05:41","slug":"di-costanzo-su-digitale-e-ia-investire-nella-conoscenza","status":"publish","type":"post","link":"https:\/\/www.messinaoggi.it\/website\/2025\/02\/28\/di-costanzo-su-digitale-e-ia-investire-nella-conoscenza\/","title":{"rendered":"Di Costanzo \u201cSu digitale e IA investire nella conoscenza\u201d"},"content":{"rendered":"<div>ROMA (ITALPRESS) &#8211; Sul tema dell&#8217;intelligenza artificiale &#8220;non voglio dire che siamo fermi, ma quasi. L&#8217;Europa \u00e8 molto indietro, dobbiamo recuperare terreno&#8221;, il rischio \u00e8 che &#8220;altre aree del mondo, come gli Stati arabi ed altri, che invece fanno tanti investimenti, ci possono sorpassare&#8221;. Lo ha detto Francesco Di Costanzo, fondatore e presidente di PA Social &#8211; Associazione nazionale per la comunicazione e informazione digitale &#8211; e della Fondazione Italia Digitale, intervistato da Claudio Brachino per il magazine televisivo Italpress Economy.<br \/>&#8220;Pi\u00f9 che una corsa, \u00e8 una rincorsa perch\u00e8 dobbiamo recuperare terreno rispetto a quegli Stati che stanno guidando sul tema dell&#8217;intelligenza artificiale: parlo ovviamente degli Stati Uniti, da dove noi prendiamo la maggioranza degli strumenti, delle piattaforme, della tecnologia e anche dell&#8217;innovazione. In seconda posizione c&#8217;\u00e8 la Cina che sta investendo tantissimo e sta recuperando terreno. L&#8217;Europa invece si colloca in una posizione di rincorsa&#8221;, spiega. Le regole europee &#8220;vanno benissimo, per\u00f2 devono essere accompagnate da una politica industriale e da investimenti importanti su ricerca e sviluppo di tecnologia&#8221;, sottolinea Di Costanzo.<br \/>&#8220;L&#8217;intelligenza artificiale e la realt\u00e0 virtuale sono strumenti n\u00e8 buoni, n\u00e8 scorretti &#8211; prosegue -: la differenza la fa la qualit\u00e0 dell&#8217;utilizzo. E&#8217; fondamentale che, anche a livello di governo e di enti locali, ci sia un grande piano di cultura digitale a livello nazionale ed europeo&#8221;.<br \/>Sulla svolta digitale &#8220;siamo molto pi\u00f9 avanti di quello che si racconta: l&#8217;Italia \u00e8 ricca di buone pratiche di settore, con tanti professionisti che da Nord a Sud fanno un lavoro straordinario nel mettere a disposizione servizi di formazione, comunicazione, dialogo e interazione con i cittadini. I professionisti ci sono, forse dobbiamo aiutarli un p\u00f2 di pi\u00f9&#8221; riconoscendo &#8220;professionalit\u00e0, nuovi modelli organizzativi del lavoro, anche con un grande investimento culturale di conoscenza&#8221;, aggiunge Di Costanzo.<br \/>&#8220;Con Fondazione Italia Digitale abbiamo proposto di inserire l&#8217;educazione al digitale in Costituzione, come \u00e8 successo per l&#8217;ambiente e per lo sport. Sul tema dell&#8217;intelligenza artificiale ci sono un p\u00f2 di resistenze anche da parte del mondo dell&#8217;istruzione, ma credo che certe rivoluzioni non le fermi: vanno governate e affrontate, anche con tanta conoscenza. Cosa ci aspettiamo per il futuro? E&#8217; difficile dare una risposta, \u00e8 un&#8217;evoluzione continua: credo che nel prossimo decennio avremo un forte ingresso dell&#8217;intelligenza artificiale anche sulle piattaforme social&#8221;.<br \/>Dal 2015 &#8220;ogni anno lavoriamo sulla divulgazione, sulla formazione e sulla ricerca, abbiamo anche un osservatorio dedicato, e portiamo avanti una battaglia che definirei politica, che \u00e8 quella del riconoscimento professionale di tutti quelli che si occupano di comunicazione digitale: ci sono tante professionalit\u00e0 che oggi nel nostro ordinamento non sono riconosciute. Spero che nel lavoro attuale del governo sulla semplificazione della Pubblica Amministrazione si riesca finalmente ad arrivare a qualcosa di concreto&#8221;.<br \/>Nel 2025 &#8220;nell&#8217;ottica anche del festeggiamento del nostro decennale, l&#8217;obiettivo \u00e8 soprattutto confrontarci sulle tendenze attuali e su quelle che arriveranno i prossimi anni, per poter permettere alle Pubbliche amministrazioni di rispondere ai cittadini&#8221;. Quest&#8217;anno &#8220;stiamo mettendo in campo tantissime iniziative: torneremo col Festival Digitale Popolare a ottobre a Torino, ci sono tante tappe del nostro tour del decennale: le prossime saranno a Perugia, a Napoli e a Cagliari, ma siamo stati recentemente a Roma, a L&#8217;Aquila e a Torino&#8221;, sottolinea Di Costanzo.<div id=\"div-gpt-ad-Messinaoggi.it-DSK-300x250-corpoart\" style=\"text-align:center;margin:0 auto;\"><\/div><\/p>\n<p>&#8211; Foto Italpress &#8211;<div id=\"videoincontent\" style=\"clear:both\";><\/div><\/p>\n<p>(ITALPRESS).<\/p><\/div>\n","protected":false},"excerpt":{"rendered":"<p>ROMA (ITALPRESS) &#8211; Sul tema dell&#8217;intelligenza artificiale &#8220;non voglio dire che siamo fermi, ma quasi. L&#8217;Europa \u00e8 molto indietro, dobbiamo recuperare terreno&#8221;, il rischio \u00e8 che &#8220;altre aree del mondo, come gli Stati arabi ed altri, che invece fanno tanti investimenti, ci possono sorpassare&#8221;. Lo ha detto Francesco Di Costanzo, fondatore e presidente di PA [&hellip;]<\/p>\n","protected":false},"author":18,"featured_media":230051,"comment_status":"closed","ping_status":"closed","sticky":false,"template":"","format":"standard","meta":{"ub_ctt_via":"","_mi_skip_tracking":false},"categories":[446],"tags":[783],"featured_image_src":"https:\/\/www.messinaoggi.it\/website\/wp-content\/uploads\/2025\/02\/20250228_0149.jpg","author_info":{"display_name":"Admin","author_link":"https:\/\/www.messinaoggi.it\/website\/author\/admin\/"},"digistream_id":0,"digistream":false,"_links":{"self":[{"href":"https:\/\/www.messinaoggi.it\/website\/wp-json\/wp\/v2\/posts\/230050"}],"collection":[{"href":"https:\/\/www.messinaoggi.it\/website\/wp-json\/wp\/v2\/posts"}],"about":[{"href":"https:\/\/www.messinaoggi.it\/website\/wp-json\/wp\/v2\/types\/post"}],"author":[{"embeddable":true,"href":"https:\/\/www.messinaoggi.it\/website\/wp-json\/wp\/v2\/users\/18"}],"replies":[{"embeddable":true,"href":"https:\/\/www.messinaoggi.it\/website\/wp-json\/wp\/v2\/comments?post=230050"}],"version-history":[{"count":0,"href":"https:\/\/www.messinaoggi.it\/website\/wp-json\/wp\/v2\/posts\/230050\/revisions"}],"wp:featuredmedia":[{"embeddable":true,"href":"https:\/\/www.messinaoggi.it\/website\/wp-json\/wp\/v2\/media\/230051"}],"wp:attachment":[{"href":"https:\/\/www.messinaoggi.it\/website\/wp-json\/wp\/v2\/media?parent=230050"}],"wp:term":[{"taxonomy":"category","embeddable":true,"href":"https:\/\/www.messinaoggi.it\/website\/wp-json\/wp\/v2\/categories?post=230050"},{"taxonomy":"post_tag","embeddable":true,"href":"https:\/\/www.messinaoggi.it\/website\/wp-json\/wp\/v2\/tags?post=230050"}],"curies":[{"name":"wp","href":"https:\/\/api.w.org\/{rel}","templated":true}]}}