{"id":22999,"date":"2018-08-06T15:06:10","date_gmt":"2018-08-06T13:06:10","guid":{"rendered":"http:\/\/www.messinaoggi.it\/website\/?p=22999"},"modified":"2018-08-06T15:06:10","modified_gmt":"2018-08-06T13:06:10","slug":"presidenze-commissioni-gioveni-alla-mobilita-e-rizzo-al-bilancio","status":"publish","type":"post","link":"https:\/\/www.messinaoggi.it\/website\/2018\/08\/06\/presidenze-commissioni-gioveni-alla-mobilita-e-rizzo-al-bilancio\/","title":{"rendered":"Presidenze commissioni, Gioveni alla Mobilit\u00e0 e Rizzo al Bilancio"},"content":{"rendered":"<p style=\"text-align: justify\">Tutto come previsto. Libero Gioveni (Partito Democratico) \u00e8 stato eletto presidente della I commissione, quella che tratta di Mobilit\u00e0 e Lavori Pubblici, mentre Massimo Rizzo (Libera Me) guider\u00e0 la commissione Bilancio. In questa settimana il mosaico delle commissioni sar\u00e0 ultimato, cos\u00ec il nuovo Consiglio Comunale potr\u00e0 veramente iniziare a svolgere la regolare attivit\u00e0 quotidiana. Confermate le previsioni della vigilia, Gioveni \u00e8 stato eletto con 11 voti mentre Schepis ne ha ricevuti appena 4, mentre a completare l\u2019ufficio di presidenza saranno Giovanni Scavello nel ruolo di vicario e Massimo Rizzo come vice.<div id=\"div-gpt-ad-Messinaoggi.it-DSK-300x250-corpoart\" style=\"text-align:center;margin:0 auto;\"><\/div><\/p>\n<p style=\"text-align: justify\">Soddisfatto l\u2019esponente del Pd che poi ha dichiarato: <em>\u201cIl mio vuole essere un mandato basato sulla condivisione, ma soprattutto sul confronto continuo con l\u2019amministrazione. Sono onorato e nello stesso tempo sento su di me tanta responsabilit\u00e0 per questo nu<span class=\"textexposedshow\">ovo e importante ruolo affidatomi dai colleghi che ringrazio per la fiducia.\u00a0\u00a0 <\/span>L&#8217;elevato numero di deleghe, per altro parecchio complesse, comporteranno, a fronte anche delle tante emergenze cittadine, un impegno gravoso che vorrei concretizzare, unitamente a tutti i colleghi, anche attraverso una costante e incisiva interlocuzione con l&#8217;Amministrazione\u201d.<\/em><div id=\"videoincontent\" style=\"clear:both\";><\/div><\/p>\n<div id=\"attachment_23001\" style=\"width: 310px\" class=\"wp-caption alignnone\"><img aria-describedby=\"caption-attachment-23001\" loading=\"lazy\" class=\"size-medium wp-image-23001\" src=\"http:\/\/www.messinaoggi.it\/website\/wp-content\/uploads\/2018\/08\/rizzo-300x225.jpg\" alt=\"\" width=\"300\" height=\"225\" \/><p id=\"caption-attachment-23001\" class=\"wp-caption-text\">Massimo Rizzo eletto presidente della commissione Bilancio<\/p><\/div>\n<p style=\"text-align: justify\">Successivamente \u00e8 stato eletto anche l\u2019ufficio di presidenza della II commissione, quella Bilancio. Il nome forte era quello di Massimo Rizzo, che ha raggiunto una maggioranza bulgara con 14 voti ed una sola scheda bianca. Al suo fianco ci saranno Piero La Tona come vicario e Giovanni Scavello, nel ruolo di vice. Anche Rizzo annuncia: \u201c<em>Da me avrete la massima c condivisione, questa commissione \u00e8 molto importante ma richiede un particolare senso di responsabilit\u00e0\u201d.<\/em><\/p>\n<p style=\"text-align: justify\">Domani toccher\u00e0 alle elezioni di altri due uffici di presidenza, quelli delle commissioni Igiene e Sanit\u00e0 mentre alle 16,30 si riunir\u00e0 la commissione Sviluppo Economico. Le due commissioni dovrebbero diventare di competenza del centrodestra, i nomi sono quelli di Giovanni Scavello alla III e Ugo Zante alla IV, ma c\u2019\u00e8 starebbe spingendo affinch\u00e8 anche quest\u2019ultima fosse assegnata al centrosinistra, il nome su cui si vorrebbe puntare \u00e8 quello Alessandro Russo. Un\u2019eventualit\u00e0 che romperebbe il clima da \u201cvolemose bene\u201d che si \u00e8 respirato oggi in aula, visto che il centrodestra ha partecipato alle elezioni del presidenti senza battere ciglio.<\/p>\n","protected":false},"excerpt":{"rendered":"<p>Tutto come previsto. Libero Gioveni (Partito Democratico) \u00e8 stato eletto presidente della I commissione, quella che tratta di Mobilit\u00e0 e Lavori Pubblici, mentre Massimo Rizzo (Libera Me) guider\u00e0 la commissione Bilancio. In questa settimana il mosaico delle commissioni sar\u00e0 ultimato, cos\u00ec il nuovo Consiglio Comunale potr\u00e0 veramente iniziare a svolgere la regolare attivit\u00e0 quotidiana. Confermate [&hellip;]<\/p>\n","protected":false},"author":14,"featured_media":23000,"comment_status":"closed","ping_status":"open","sticky":false,"template":"","format":"standard","meta":{"ub_ctt_via":"","_mi_skip_tracking":false},"categories":[6],"tags":[],"featured_image_src":"https:\/\/www.messinaoggi.it\/website\/wp-content\/uploads\/2018\/08\/gioveni-1.jpg","author_info":{"display_name":"Antonio Macauda","author_link":"https:\/\/www.messinaoggi.it\/website\/author\/a-macauda\/"},"digistream_id":0,"digistream":false,"_links":{"self":[{"href":"https:\/\/www.messinaoggi.it\/website\/wp-json\/wp\/v2\/posts\/22999"}],"collection":[{"href":"https:\/\/www.messinaoggi.it\/website\/wp-json\/wp\/v2\/posts"}],"about":[{"href":"https:\/\/www.messinaoggi.it\/website\/wp-json\/wp\/v2\/types\/post"}],"author":[{"embeddable":true,"href":"https:\/\/www.messinaoggi.it\/website\/wp-json\/wp\/v2\/users\/14"}],"replies":[{"embeddable":true,"href":"https:\/\/www.messinaoggi.it\/website\/wp-json\/wp\/v2\/comments?post=22999"}],"version-history":[{"count":0,"href":"https:\/\/www.messinaoggi.it\/website\/wp-json\/wp\/v2\/posts\/22999\/revisions"}],"wp:featuredmedia":[{"embeddable":true,"href":"https:\/\/www.messinaoggi.it\/website\/wp-json\/wp\/v2\/media\/23000"}],"wp:attachment":[{"href":"https:\/\/www.messinaoggi.it\/website\/wp-json\/wp\/v2\/media?parent=22999"}],"wp:term":[{"taxonomy":"category","embeddable":true,"href":"https:\/\/www.messinaoggi.it\/website\/wp-json\/wp\/v2\/categories?post=22999"},{"taxonomy":"post_tag","embeddable":true,"href":"https:\/\/www.messinaoggi.it\/website\/wp-json\/wp\/v2\/tags?post=22999"}],"curies":[{"name":"wp","href":"https:\/\/api.w.org\/{rel}","templated":true}]}}