{"id":229981,"date":"2025-02-27T15:05:42","date_gmt":"2025-02-27T14:05:42","guid":{"rendered":"https:\/\/www.messinaoggi.it\/website\/2025\/02\/27\/telepass-partnership-con-verti-assicurazioni-per-la-polizza-rc-auto\/"},"modified":"2025-02-27T15:05:42","modified_gmt":"2025-02-27T14:05:42","slug":"telepass-partnership-con-verti-assicurazioni-per-la-polizza-rc-auto","status":"publish","type":"post","link":"https:\/\/www.messinaoggi.it\/website\/2025\/02\/27\/telepass-partnership-con-verti-assicurazioni-per-la-polizza-rc-auto\/","title":{"rendered":"Telepass, partnership con Verti Assicurazioni per la polizza RC Auto"},"content":{"rendered":"<div>ROMA (ITALPRESS) &#8211; Telepass, societ\u00e0 leader nel telepedaggio e nella mobilit\u00e0 integrata, ha siglato un accordo con Verti Assicurazioni per la distribuzione delle polizze RC della compagnia assicurativa diretta del Gruppo Mapfre.<br \/>Con la nuova partnership, sar\u00e0 possibile acquistare sui canali digitali del Gruppo Telepass una polizza RC Auto, Moto e Furgone sviluppata in collaborazione con Verti Assicurazioni. &#8220;Telepass &#8211; si legge in una nota del Gruppo Mundys- permette di personalizzare in pochi click la propria polizza, scegliendo tra la sola RC Auto o un pacchetto di garanzie disegnato sulle esigenze di protezione del cliente, che consente di risparmiare fino al 30% sul premio di polizza ottenendo una copertura pi\u00f9 completa&#8221;. Il premio viene addebitato automaticamente sullo stesso conto corrente collegato ai servizi Telepass. Sull&#8217;app e sul sito di Telepass il cliente pu\u00f2 gestire la polizza in completa autonomia. Telepass ha sviluppato &#8220;un modello innovativo che rende l&#8217;assicurazione una parte naturale e vantaggiosa dell&#8217;ecosistema di servizi di mobilit\u00e0. Un esempio concreto di questo approccio \u00e8 la possibilit\u00e0 di ottenere senza costi aggiuntivi il servizio di assistenza stradale sulle targhe associate al dispositivo Telepass&#8221;.<br \/>&#8220;La partnership con Verti ci ha consentito di costruire un&#8217;offerta assicurativa completa e personalizzabile con l&#8217;obiettivo di soddisfare i bisogni di semplicit\u00e0 e convenienza dei clienti &#8211; commenta Gianfilippo Lena, Amministratore Delegato di Telepass Assicura &#8211; Grazie all&#8217;esperienza maturata in questi primi 4 anni di attivit\u00e0 di Telepass Assicura abbiamo definito insieme a Verti un prodotto innovativo e digitale che consente di consolidare la presenza di Telepass Assicura nel mercato RC, ampliando l&#8217;offerta del Gruppo Telepass, gi\u00e0 leader nel mercato del telepedaggio e dei servizi di mobilit\u00e0 in Italia e in Europa&#8221;.<br \/>-foto ufficio stampa Ipa Agency &#8211;<br \/>(ITALPRESS).<\/div>\n<div id=\"div-gpt-ad-Messinaoggi.it-DSK-300x250-corpoart\" style=\"text-align:center;margin:0 auto;\"><\/div><\/p><div id=\"videoincontent\" style=\"clear:both\";><\/div>","protected":false},"excerpt":{"rendered":"<p>ROMA (ITALPRESS) &#8211; Telepass, societ\u00e0 leader nel telepedaggio e nella mobilit\u00e0 integrata, ha siglato un accordo con Verti Assicurazioni per la distribuzione delle polizze RC della compagnia assicurativa diretta del Gruppo Mapfre.Con la nuova partnership, sar\u00e0 possibile acquistare sui canali digitali del Gruppo Telepass una polizza RC Auto, Moto e Furgone sviluppata in collaborazione con [&hellip;]<\/p>\n","protected":false},"author":18,"featured_media":229982,"comment_status":"closed","ping_status":"closed","sticky":false,"template":"","format":"standard","meta":{"ub_ctt_via":"","_mi_skip_tracking":false},"categories":[446],"tags":[783],"featured_image_src":"https:\/\/www.messinaoggi.it\/website\/wp-content\/uploads\/2025\/02\/20250227_0299.jpg","author_info":{"display_name":"Admin","author_link":"https:\/\/www.messinaoggi.it\/website\/author\/admin\/"},"digistream_id":0,"digistream":false,"_links":{"self":[{"href":"https:\/\/www.messinaoggi.it\/website\/wp-json\/wp\/v2\/posts\/229981"}],"collection":[{"href":"https:\/\/www.messinaoggi.it\/website\/wp-json\/wp\/v2\/posts"}],"about":[{"href":"https:\/\/www.messinaoggi.it\/website\/wp-json\/wp\/v2\/types\/post"}],"author":[{"embeddable":true,"href":"https:\/\/www.messinaoggi.it\/website\/wp-json\/wp\/v2\/users\/18"}],"replies":[{"embeddable":true,"href":"https:\/\/www.messinaoggi.it\/website\/wp-json\/wp\/v2\/comments?post=229981"}],"version-history":[{"count":0,"href":"https:\/\/www.messinaoggi.it\/website\/wp-json\/wp\/v2\/posts\/229981\/revisions"}],"wp:featuredmedia":[{"embeddable":true,"href":"https:\/\/www.messinaoggi.it\/website\/wp-json\/wp\/v2\/media\/229982"}],"wp:attachment":[{"href":"https:\/\/www.messinaoggi.it\/website\/wp-json\/wp\/v2\/media?parent=229981"}],"wp:term":[{"taxonomy":"category","embeddable":true,"href":"https:\/\/www.messinaoggi.it\/website\/wp-json\/wp\/v2\/categories?post=229981"},{"taxonomy":"post_tag","embeddable":true,"href":"https:\/\/www.messinaoggi.it\/website\/wp-json\/wp\/v2\/tags?post=229981"}],"curies":[{"name":"wp","href":"https:\/\/api.w.org\/{rel}","templated":true}]}}