{"id":229947,"date":"2025-02-27T13:05:41","date_gmt":"2025-02-27T12:05:41","guid":{"rendered":"https:\/\/www.messinaoggi.it\/website\/2025\/02\/27\/ucraina-costa-ue-si-prepari-a-contribuire-a-garanzie-di-sicurezza\/"},"modified":"2025-02-27T13:05:41","modified_gmt":"2025-02-27T12:05:41","slug":"ucraina-costa-ue-si-prepari-a-contribuire-a-garanzie-di-sicurezza","status":"publish","type":"post","link":"https:\/\/www.messinaoggi.it\/website\/2025\/02\/27\/ucraina-costa-ue-si-prepari-a-contribuire-a-garanzie-di-sicurezza\/","title":{"rendered":"Ucraina, Costa \u201cUe si prepari a contribuire a garanzie di sicurezza\u201d"},"content":{"rendered":"<div>BRUXELLES (BELGIO) (ITALPRESS) &#8211; &#8220;Per quanto riguarda la difesa europea, il mio obiettivo \u00e8 dare seguito al nostro incontro informale del 3 febbraio, per prendere le prime decisioni a breve termine affinch\u00e8 l&#8217;Europa diventi pi\u00f9 sovrana, capace e meglio attrezzata per affrontare le sfide immediate e future sulla sua sicurezza&#8221;. Lo scrive il presidente del Consiglio Europeo Antonio Costa, nella lettera di invito ai leader Ue per il summit straordinario del 6 marzo.<br \/>\n&#8220;Per quanto riguarda l&#8217;Ucraina, c&#8217;\u00e8 un nuovo slancio che dovrebbe portare a una pace globale, giusta e duratura &#8211; sottolinea Costa -. E&#8217; quindi importante per noi discutere su come sostenere ulteriormente l&#8217;Ucraina e sui principi che dovrebbero essere rispettati in futuro. L&#8217;Ue e i suoi Stati membri sono pronti ad assumersi maggiori responsabilit\u00e0 per la sicurezza dell&#8217;Europa. Dovremmo quindi essere preparati a un possibile contributo europeo alle garanzie di sicurezza che saranno necessarie per garantire una pace duratura in Ucraina&#8221;.<br \/>\nIl presidente del Consiglio Ue annuncia inoltre di avere invitato al summit del 6 marzo il presidente ucraino Volodymyr Zelensky &#8220;per discutere con noi gli ultimi sviluppi&#8221;.<div id=\"div-gpt-ad-Messinaoggi.it-DSK-300x250-corpoart\" style=\"text-align:center;margin:0 auto;\"><\/div><\/p>\n<p>&#8211; Foto IPA Agency &#8211;<div id=\"videoincontent\" style=\"clear:both\";><\/div><\/p>\n<p>(ITALPRESS).<\/p><\/div>\n","protected":false},"excerpt":{"rendered":"<p>BRUXELLES (BELGIO) (ITALPRESS) &#8211; &#8220;Per quanto riguarda la difesa europea, il mio obiettivo \u00e8 dare seguito al nostro incontro informale del 3 febbraio, per prendere le prime decisioni a breve termine affinch\u00e8 l&#8217;Europa diventi pi\u00f9 sovrana, capace e meglio attrezzata per affrontare le sfide immediate e future sulla sua sicurezza&#8221;. Lo scrive il presidente del [&hellip;]<\/p>\n","protected":false},"author":18,"featured_media":229948,"comment_status":"closed","ping_status":"closed","sticky":false,"template":"","format":"standard","meta":{"ub_ctt_via":"","_mi_skip_tracking":false},"categories":[446],"tags":[783],"featured_image_src":"https:\/\/www.messinaoggi.it\/website\/wp-content\/uploads\/2025\/02\/20250227_0140.jpg","author_info":{"display_name":"Admin","author_link":"https:\/\/www.messinaoggi.it\/website\/author\/admin\/"},"digistream_id":0,"digistream":false,"_links":{"self":[{"href":"https:\/\/www.messinaoggi.it\/website\/wp-json\/wp\/v2\/posts\/229947"}],"collection":[{"href":"https:\/\/www.messinaoggi.it\/website\/wp-json\/wp\/v2\/posts"}],"about":[{"href":"https:\/\/www.messinaoggi.it\/website\/wp-json\/wp\/v2\/types\/post"}],"author":[{"embeddable":true,"href":"https:\/\/www.messinaoggi.it\/website\/wp-json\/wp\/v2\/users\/18"}],"replies":[{"embeddable":true,"href":"https:\/\/www.messinaoggi.it\/website\/wp-json\/wp\/v2\/comments?post=229947"}],"version-history":[{"count":0,"href":"https:\/\/www.messinaoggi.it\/website\/wp-json\/wp\/v2\/posts\/229947\/revisions"}],"wp:featuredmedia":[{"embeddable":true,"href":"https:\/\/www.messinaoggi.it\/website\/wp-json\/wp\/v2\/media\/229948"}],"wp:attachment":[{"href":"https:\/\/www.messinaoggi.it\/website\/wp-json\/wp\/v2\/media?parent=229947"}],"wp:term":[{"taxonomy":"category","embeddable":true,"href":"https:\/\/www.messinaoggi.it\/website\/wp-json\/wp\/v2\/categories?post=229947"},{"taxonomy":"post_tag","embeddable":true,"href":"https:\/\/www.messinaoggi.it\/website\/wp-json\/wp\/v2\/tags?post=229947"}],"curies":[{"name":"wp","href":"https:\/\/api.w.org\/{rel}","templated":true}]}}