{"id":22992,"date":"2018-08-06T14:40:20","date_gmt":"2018-08-06T12:40:20","guid":{"rendered":"http:\/\/www.messinaoggi.it\/website\/?p=22992"},"modified":"2018-08-06T14:40:20","modified_gmt":"2018-08-06T12:40:20","slug":"tutto-pronto-per-la-ii-edizione-di-suoni-e-luci","status":"publish","type":"post","link":"https:\/\/www.messinaoggi.it\/website\/2018\/08\/06\/tutto-pronto-per-la-ii-edizione-di-suoni-e-luci\/","title":{"rendered":"Tutto pronto per la II\u00b0 edizione di Suoni e Luci"},"content":{"rendered":"<p>Dopo il grandioso \u00a0successo dello scorsa \u00a0edizione \u00a0la <strong>Fondazione Taormina Arte Sicilia<\/strong> ripropone nella stupenda Villa del Casale a Piazza Armerina \u201c<strong>Suoni e luci<\/strong>\u201d, kermesse che avr\u00e0 luogo venerd\u00ec 10, sabato 18, venerd\u00ec 24 e venerd\u00ec 31 agosto. L\u2019evento si propone di riportare \u00a0la villa romana al suo antico splendore ospitando manifestazioni di grande musica.<br \/>\nIl tutto \u00e8 reso suggestivo da un\u2019illuminazione artistica realizzata appositamente per l\u2019evento. In programma le arpe del <strong>Duo Palazzolo<\/strong>, gli archi e il clavicembalo di <strong>Ensemble Barocco di Messina<\/strong>, la musica barocca con il <strong>Duo Ars Vetus e <\/strong>il concerto conclusivo su musiche di Mozart del <strong>Quintetto Almeyda<\/strong>.\u00a0\u00a0 Il progetto \u00e8 realizzato con la collaborazione <strong>dell\u2019Orchestra da Camera di Messina<\/strong> e <strong>la Fondazione Orchestra Sinfonica Siciliana.<\/strong><br \/>\n<strong>\u00a0<\/strong><br \/>\nTra gli straordinari mosaici che rappresentano scene mitologiche e scene di vita quotidiana, scene di caccia, sempre realizzate in maniera molto vivida gli effetti luci creeranno atmosfere d\u2019epoca, avvolgendo gli spettatori in un viaggio unico accompagnato dalle arpe delle sorelle Simona e Sabrina Palazzolo (10 agosto), dagli archi e i clavicembali dell\u2019Ensemble Barocco di Messina (18 agosto), dal violino e clavicembalo di Antero Arena e Maria Assunta Munaf\u00f2 (24 agosto) e da Angelo Cino al clarinetto, Sergio di Franco, Salvatore Tuzzolino al violino, Giuseppe Brunetto alla viola e Domenico Guddo al violoncello su musiche di Wolfgang Amadeus Mozart \u2013 quartetto d\u2019archi in sol maggiore KV 156 e quintetto per clarinetto e archi in la maggiore KV 581 \u2013 (31 agosto) in un crescendo di suoni antichi.<br \/>\nLa Fondazione Taormina Arte Sicilia presente nella programmazione di <strong>Anfiteatro Sicilia<\/strong>, la manifestazione culturale promossa dall\u2019Assessorato regionale al Turismo, per l\u2019evento Suoni e Luci della Villa romana del casale ha collaborato con il Polo Museale di Piazza Armerina, Polo Regionale di Piazza Armerina, Aidone ed Enna per i Siti Culturali, i Parchi Archeologici della Villa del Casale e di Morgantina, la Soprintendenza di Enna, il Comune di Piazza Armerina e i Beni culturali.<br \/>\nUn evento che coinvolgere e avvolger\u00e0 l\u2019ascoltatore facendogli intraprendere un\u2019emozionante viaggio all\u2019interno del proprio Io.<div id=\"div-gpt-ad-Messinaoggi.it-DSK-300x250-corpoart\" style=\"text-align:center;margin:0 auto;\"><\/div><\/p>\n<div id=\"videoincontent\" style=\"clear:both\";><\/div>","protected":false},"excerpt":{"rendered":"<p>Dopo il grandioso \u00a0successo dello scorsa \u00a0edizione \u00a0la Fondazione Taormina Arte Sicilia ripropone nella stupenda Villa del Casale a Piazza Armerina \u201cSuoni e luci\u201d, kermesse che avr\u00e0 luogo venerd\u00ec 10, sabato 18, venerd\u00ec 24 e venerd\u00ec 31 agosto. L\u2019evento si propone di riportare \u00a0la villa romana al suo antico splendore ospitando manifestazioni di grande musica. [&hellip;]<\/p>\n","protected":false},"author":5,"featured_media":22993,"comment_status":"closed","ping_status":"open","sticky":false,"template":"","format":"standard","meta":{"ub_ctt_via":"","_mi_skip_tracking":false},"categories":[17],"tags":[],"featured_image_src":"https:\/\/www.messinaoggi.it\/website\/wp-content\/uploads\/2018\/08\/LUCI-E-SUONI-1.jpg","author_info":{"display_name":"Maria Antonella Saia","author_link":"https:\/\/www.messinaoggi.it\/website\/author\/m-saia\/"},"digistream_id":0,"digistream":false,"_links":{"self":[{"href":"https:\/\/www.messinaoggi.it\/website\/wp-json\/wp\/v2\/posts\/22992"}],"collection":[{"href":"https:\/\/www.messinaoggi.it\/website\/wp-json\/wp\/v2\/posts"}],"about":[{"href":"https:\/\/www.messinaoggi.it\/website\/wp-json\/wp\/v2\/types\/post"}],"author":[{"embeddable":true,"href":"https:\/\/www.messinaoggi.it\/website\/wp-json\/wp\/v2\/users\/5"}],"replies":[{"embeddable":true,"href":"https:\/\/www.messinaoggi.it\/website\/wp-json\/wp\/v2\/comments?post=22992"}],"version-history":[{"count":0,"href":"https:\/\/www.messinaoggi.it\/website\/wp-json\/wp\/v2\/posts\/22992\/revisions"}],"wp:featuredmedia":[{"embeddable":true,"href":"https:\/\/www.messinaoggi.it\/website\/wp-json\/wp\/v2\/media\/22993"}],"wp:attachment":[{"href":"https:\/\/www.messinaoggi.it\/website\/wp-json\/wp\/v2\/media?parent=22992"}],"wp:term":[{"taxonomy":"category","embeddable":true,"href":"https:\/\/www.messinaoggi.it\/website\/wp-json\/wp\/v2\/categories?post=22992"},{"taxonomy":"post_tag","embeddable":true,"href":"https:\/\/www.messinaoggi.it\/website\/wp-json\/wp\/v2\/tags?post=22992"}],"curies":[{"name":"wp","href":"https:\/\/api.w.org\/{rel}","templated":true}]}}