{"id":229891,"date":"2025-02-26T19:05:45","date_gmt":"2025-02-26T18:05:45","guid":{"rendered":"https:\/\/www.messinaoggi.it\/website\/2025\/02\/26\/ucraina-salvini-prima-di-mandare-soldati-essere-certi-di-cosa-si-fa\/"},"modified":"2025-02-26T19:05:45","modified_gmt":"2025-02-26T18:05:45","slug":"ucraina-salvini-prima-di-mandare-soldati-essere-certi-di-cosa-si-fa","status":"publish","type":"post","link":"https:\/\/www.messinaoggi.it\/website\/2025\/02\/26\/ucraina-salvini-prima-di-mandare-soldati-essere-certi-di-cosa-si-fa\/","title":{"rendered":"Ucraina, Salvini \u201cPrima di mandare soldati essere certi di cosa si fa\u201d"},"content":{"rendered":"<div>ROMA (ITALPRESS) &#8211; &#8220;Mi auguro che l&#8217;Italia sia centrale per la pace in Ucraina. Ma noi abbiamo 7.500 soldati italiani impegnati in missioni di pace in giro per il mondo, per una spesa superiore al miliardo. Prima di spendere un euro in pi\u00f9 o ipotizzare l&#8217;invio di un soldato in pi\u00f9, bisogna essere assolutamente certi di quello che si fa e di come lo si fa, perch\u00e8 altrimenti l&#8217;esempio dell&#8217;Afghanistan non \u00e8 lontano dalla nostra memoria&#8221;. Lo ha detto il vicepremier e ministro delle Infrastrutture e dei Trasporti, Matteo Salvini, nel corso di un incontro con la stampa estera a Roma.<br \/>Rispondendo alla domanda di un giornalista, Salvini ha sottolineato: &#8220;Ritengo che non si debba porre la scelta se stare con Trump o con la Von der Leyen, io penso che con l&#8217;Occidente non si sbagli. Sbaglierebbe una parte dell&#8217;Europa se non volesse la fine del conflitto tra Russia e Ucraina. Per noi Von der Leyen \u00e8 economicamente una sciagura e non abbiamo mai votato per lei. La spinta di Trump va presa positivamente. Se dopo tre anni si ipotizza un dialogo fra Russia e Ucraina, il merito non \u00e8 dell&#8217;Europa ma \u00e8 di Trump. Poi star\u00e0 a Zelensky e Putin valutare come concludere&#8221;, ha aggiunto.<div id=\"div-gpt-ad-Messinaoggi.it-DSK-300x250-corpoart\" style=\"text-align:center;margin:0 auto;\"><\/div><\/p>\n<p>&#8211; Foto IPA Agency &#8211;<div id=\"videoincontent\" style=\"clear:both\";><\/div><\/p>\n<p>(ITALPRESS).<\/p><\/div>\n","protected":false},"excerpt":{"rendered":"<p>ROMA (ITALPRESS) &#8211; &#8220;Mi auguro che l&#8217;Italia sia centrale per la pace in Ucraina. Ma noi abbiamo 7.500 soldati italiani impegnati in missioni di pace in giro per il mondo, per una spesa superiore al miliardo. Prima di spendere un euro in pi\u00f9 o ipotizzare l&#8217;invio di un soldato in pi\u00f9, bisogna essere assolutamente certi [&hellip;]<\/p>\n","protected":false},"author":18,"featured_media":229892,"comment_status":"closed","ping_status":"closed","sticky":false,"template":"","format":"standard","meta":{"ub_ctt_via":"","_mi_skip_tracking":false},"categories":[446],"tags":[783],"featured_image_src":"https:\/\/www.messinaoggi.it\/website\/wp-content\/uploads\/2025\/02\/20250226_1891.jpg","author_info":{"display_name":"Admin","author_link":"https:\/\/www.messinaoggi.it\/website\/author\/admin\/"},"digistream_id":0,"digistream":false,"_links":{"self":[{"href":"https:\/\/www.messinaoggi.it\/website\/wp-json\/wp\/v2\/posts\/229891"}],"collection":[{"href":"https:\/\/www.messinaoggi.it\/website\/wp-json\/wp\/v2\/posts"}],"about":[{"href":"https:\/\/www.messinaoggi.it\/website\/wp-json\/wp\/v2\/types\/post"}],"author":[{"embeddable":true,"href":"https:\/\/www.messinaoggi.it\/website\/wp-json\/wp\/v2\/users\/18"}],"replies":[{"embeddable":true,"href":"https:\/\/www.messinaoggi.it\/website\/wp-json\/wp\/v2\/comments?post=229891"}],"version-history":[{"count":0,"href":"https:\/\/www.messinaoggi.it\/website\/wp-json\/wp\/v2\/posts\/229891\/revisions"}],"wp:featuredmedia":[{"embeddable":true,"href":"https:\/\/www.messinaoggi.it\/website\/wp-json\/wp\/v2\/media\/229892"}],"wp:attachment":[{"href":"https:\/\/www.messinaoggi.it\/website\/wp-json\/wp\/v2\/media?parent=229891"}],"wp:term":[{"taxonomy":"category","embeddable":true,"href":"https:\/\/www.messinaoggi.it\/website\/wp-json\/wp\/v2\/categories?post=229891"},{"taxonomy":"post_tag","embeddable":true,"href":"https:\/\/www.messinaoggi.it\/website\/wp-json\/wp\/v2\/tags?post=229891"}],"curies":[{"name":"wp","href":"https:\/\/api.w.org\/{rel}","templated":true}]}}