{"id":229797,"date":"2025-02-26T10:39:23","date_gmt":"2025-02-26T09:39:23","guid":{"rendered":"http:\/\/www.messinaoggi.it\/website\/?p=229797"},"modified":"2025-02-26T10:39:40","modified_gmt":"2025-02-26T09:39:40","slug":"atm-potenziati-collegamenti-con-il-neurolesi","status":"publish","type":"post","link":"https:\/\/www.messinaoggi.it\/website\/2025\/02\/26\/atm-potenziati-collegamenti-con-il-neurolesi\/","title":{"rendered":"ATM, potenziati collegamenti con il Neurolesi"},"content":{"rendered":"\n<p>A partire da sabato 1 marzo, il Centro Neurolesi sar\u00e0 raggiungibile anche con la linea 16 barrato (16\/). Recependo le istanze provenienti dalla competente commissione consiliare e in accordo con il Comune, ATM ha infatti introdotto alcune novit\u00e0 nel percorso della suddetta linea, andando a potenziare il collegamento con l\u2019importante centro sanitario ubicato in contrada Casazza, fino ad\u00a0oggi\u00a0servito solo dalla linea 25.<br>Il 16 barrato partir\u00e0 dalla Stazione Centrale e, transitando da Gravitelli, toccher\u00e0 la zona di Salita Campola (sp 42) fino a Casazza, il Centro Neurolesi e le Quattro strade, dove far\u00e0 capolinea. Con queste variazioni, l\u2019Azienda Traporti intende agevolare anche i numerosi residenti che vivono in Salita Campola, i quali potranno utilizzare gli autobus per raggiungere il centro citt\u00e0.<br>Contestualmente alle suddette modifiche, entrer\u00e0 in vigore anche una variazione alla linea 16, che collegher\u00e0 Montepiselli alla Stazione con un prolungamento sino alla zona Falcata (Piazzale Todaro), precedentemente servita dalla linea 16\/.<div id=\"div-gpt-ad-Messinaoggi.it-DSK-300x250-corpoart\" style=\"text-align:center;margin:0 auto;\"><\/div><\/p>\n<div id=\"videoincontent\" style=\"clear:both\";><\/div>","protected":false},"excerpt":{"rendered":"<p>A partire da sabato 1 marzo, il Centro Neurolesi sar\u00e0 raggiungibile anche con la linea 16 barrato (16\/). Recependo le istanze provenienti dalla competente commissione consiliare e in accordo con il Comune, ATM ha infatti introdotto alcune novit\u00e0 nel percorso della suddetta linea, andando a potenziare il collegamento con l\u2019importante centro sanitario ubicato in contrada [&hellip;]<\/p>\n","protected":false},"author":2,"featured_media":166048,"comment_status":"open","ping_status":"open","sticky":false,"template":"","format":"standard","meta":{"ub_ctt_via":"","_mi_skip_tracking":false},"categories":[5],"tags":[11359,3686],"featured_image_src":"https:\/\/www.messinaoggi.it\/website\/wp-content\/uploads\/2023\/08\/IMG-20230812-WA0014.jpg","author_info":{"display_name":"Redazione","author_link":"https:\/\/www.messinaoggi.it\/website\/author\/redazione\/"},"digistream_id":0,"digistream":false,"_links":{"self":[{"href":"https:\/\/www.messinaoggi.it\/website\/wp-json\/wp\/v2\/posts\/229797"}],"collection":[{"href":"https:\/\/www.messinaoggi.it\/website\/wp-json\/wp\/v2\/posts"}],"about":[{"href":"https:\/\/www.messinaoggi.it\/website\/wp-json\/wp\/v2\/types\/post"}],"author":[{"embeddable":true,"href":"https:\/\/www.messinaoggi.it\/website\/wp-json\/wp\/v2\/users\/2"}],"replies":[{"embeddable":true,"href":"https:\/\/www.messinaoggi.it\/website\/wp-json\/wp\/v2\/comments?post=229797"}],"version-history":[{"count":1,"href":"https:\/\/www.messinaoggi.it\/website\/wp-json\/wp\/v2\/posts\/229797\/revisions"}],"predecessor-version":[{"id":229798,"href":"https:\/\/www.messinaoggi.it\/website\/wp-json\/wp\/v2\/posts\/229797\/revisions\/229798"}],"wp:featuredmedia":[{"embeddable":true,"href":"https:\/\/www.messinaoggi.it\/website\/wp-json\/wp\/v2\/media\/166048"}],"wp:attachment":[{"href":"https:\/\/www.messinaoggi.it\/website\/wp-json\/wp\/v2\/media?parent=229797"}],"wp:term":[{"taxonomy":"category","embeddable":true,"href":"https:\/\/www.messinaoggi.it\/website\/wp-json\/wp\/v2\/categories?post=229797"},{"taxonomy":"post_tag","embeddable":true,"href":"https:\/\/www.messinaoggi.it\/website\/wp-json\/wp\/v2\/tags?post=229797"}],"curies":[{"name":"wp","href":"https:\/\/api.w.org\/{rel}","templated":true}]}}