{"id":22979,"date":"2018-08-06T12:28:37","date_gmt":"2018-08-06T10:28:37","guid":{"rendered":"http:\/\/www.messinaoggi.it\/website\/?p=22979"},"modified":"2018-08-06T12:28:37","modified_gmt":"2018-08-06T10:28:37","slug":"al-via-la-i-edizione-di-sud-o-re-festival","status":"publish","type":"post","link":"https:\/\/www.messinaoggi.it\/website\/2018\/08\/06\/al-via-la-i-edizione-di-sud-o-re-festival\/","title":{"rendered":"Al via la I\u00b0 edizione di Sud.O.Re Festival"},"content":{"rendered":"<p>L\u2019attesa \u00e8 finita. Domani, alle ore 10.00, nell\u2019incantevole scenario del parco Horcynus Orca di Capo Peloro, prender\u00e0 il via la prima edizione di Sud.O.Re festival, la kermesse che fino al 13 agosto proporr\u00e0 un nutrito programma \u00a0comprendente danza contemporanea, arte, musica live e fotografia subacquea.<br \/>\nL\u2019evento, organizzato dall\u2019art director Giulio Cassisa, ha come filo conduttore la fede nell\u2019Assunta, proprio nei giorni in cui la citt\u00e0 di Messina si appresta ad accogliere la festa pi\u00f9 attesa: la Vara, una manifestazione che esalta non solo lo spirito, ma anche il corpo, nello sforzo dei tiratori e nella fatica di coloro che seguono il percorso della processione. L\u2019obiettivo del festival \u00e8 di andare oltre il racconto religioso, celebrando Maria attraverso l\u2019arte, come donna simbolo delle tante sfumature del femminile.<br \/>\n <br \/>\n<em>\u00a0\u201cCresce l\u2019attesa- <\/em>afferma Giulio Cassisa<em>&#8211; ma al tempo stesso la consapevolezza che abbiamo lavorato bene per proporre ai messinesi un evento ricco di tanti spunti culturali, anche grazie alla preziosa collaborazione della Fondazione Horcynus Orca, che ci ha ospitati nella sua sede di Capo Peloro, luogo che senza alcun dubbio rappresenta l\u2019anima della citt\u00e0. Sud.O.Re festival \u00e8 rivolto a tutti, dagli adulti ai pi\u00f9 giovani, con un programma davvero coinvolgente e dalle tante anime, tutte comunque legate all\u2019arte nelle sue diverse declinazioni. Tantissimi i motivi, dunque per trascorrere con noi una settimana tutta da scoprire e da vivere insieme\u201d.<\/em><br \/>\n <br \/>\nSud.O.Re festival si svolge in collaborazione con la Fondazione Horcynus Orca e con il patrocinio di: Comune di Messina, Universit\u00e0 degli studi di Messina, ALuMnime e DAMS.<br \/>\nPartner dell\u2019evento il Circolo Ricreativo Sportivo \u201cSan Paolo\u201d, formato da appassionati di fotografia subacquea e, pi\u00f9 in generale, del mondo sommerso.<br \/>\n <br \/>\nI lavori, si articoleranno in sessioni mattutine, che prevedono masterclass di danza e fotografia subacquea rivolte ai giovani, e pomeridiane, in cui compagnie di danza nazionali e locali si alterneranno nelle loro performance aperte al pubblico. Il pomeriggio inoltre, i visitatori potranno apprezzare alcune mostre pittoriche allestite negli spazi del Museo Macho dell\u2019Horcynus Orca. La sera spazio alla musica live, con le band locali pi\u00f9 apprezzate dal pubblico giovane.<br \/>\nDi seguito il programma dettagliato della kermesse:<br \/>\n<strong>\u00a0<\/strong><br \/>\n<strong>Marted\u00ec 7<\/strong><br \/>\nDalle 10.00 alle 14.00: Workshop di Danza con Claudia Rossi Valli<br \/>\nDalle 14.00 alle 17.00: Workshop Fotografia Subacquea con Eugenio Micali e Elio Nicosia e Immersioni in collaborazione con Ecosfera Diving.<br \/>\nOre 17.00: Installazione mostra fotografica e pittorica e performance di danza all\u2019interno della sala multimediale- Museo Macho<br \/>\nArtisti: NICOLETTA IRRERA, ORAZIO CACCIOLA, SERENELLA COSTA ED ELISABETTA PANDOLFINO<br \/>\nOre19.00:\u00a0 Aperitivo INAUGURALE<br \/>\nOre 21.00:\u00a0 Performance \u201cLe Ragazze\u201d di Claudia Rossi Valli produzione Scenario Pubblico Roberto Zappal\u00e0<br \/>\nOre 23:00: \u201cVinyl Rooftop \u2013 Open Party\u201d Djset by Pablot.<br \/>\n<strong>Mercoled\u00ec 8 <\/strong><br \/>\ndalle ore 14.00 alle ore 17.00: Workshop Fotografia Subacquea <em>con Eugenio MIcali e Elio Nicosia<\/em> e Immersioni in collaborazione con <em>Ecosfera Diving<\/em><br \/>\nore 19.00 Aperitivo CASA PELORO<br \/>\nore 20.00 Serata Coreografi Messinesi<br \/>\n<strong>Gioved\u00ec 9 <\/strong><br \/>\ndalle ore 10.00 alle ore 14.00: Workshop danza con <em>Elisa Pagani <\/em><br \/>\ndalle ore 10.00 alle ore 17.00: Workshop Fotografia Subacquea <em>(Eugenio MIcali e Elio Nicosia) <\/em><br \/>\nore 19.00: Aperitivo e Concerto <em>\u201cPlastic Concert\u201d<\/em> dell\u2019Associazione Fuori di ME<br \/>\nore 22.30: <em>Concerto THE JESTER<\/em> \u2013 (presso Lido Glirrerammare via Consolare Pompea loc.Pace)<br \/>\n<strong>Venerd\u00ec 10<\/strong><br \/>\ndalle ore 10.00 alle ore 14.00: Workshop danza con <em>Samuele Cardini <\/em><br \/>\ndalle ore 14.00 alle ore 17.00: Workshop Fotografia Subacquea <em>(Eugenio MIcali e Elio Nicosia) <\/em><br \/>\nore 18.00 Conferenza Intereligiosa: \u201cMaria di Nazareth, icona dell\u2019umanit\u00e0\u201d <em>parlare di Maria con voci \u201cplurali\u201d (Chiostro dell\u2019Arcivescovado di Messina via I\u00b0Settembre)<\/em><br \/>\n<em>\u00a0<\/em><em>Conversazione a pi\u00f9 voci: <\/em><br \/>\n<em>\u00a0<\/em>Padre Alessio Mandanikiotis, <em>Chiesa Greco Ortodossa<\/em><br \/>\nSuor Tarcisia Carnieletto, <em>Suor Tarcisia Carnieletto, fa Direttrice Ufficio Diocesano per l&#8217;Ecumenismo e il Dialogo<\/em><br \/>\nProf. Dario Tomasello, <em>Comunit\u00e0 Islamica<\/em><br \/>\nProf.ssa Marianna Gensabella Furnari, <em>professore ordinario di Filosofia morale presso il dipartimento di Civilt\u00e0 antiche e moderne dell\u2019Universit\u00e0 degli Studi di Messina<\/em><br \/>\n<em>\u00a0<\/em>Presentazione e inaugurazione della mostra di icone mariane di\u00a0Lia Galdiolo<br \/>\nore 21.00: proiezione \u00a0Cortometraggio \u201cRAPPAZZO ED IL CINEMA SONORO\u201d<br \/>\n<strong>Sabato 11<\/strong><br \/>\ndalle ore 14.00 alle ore 17.00: Workshop Fotografia Subacquea <em>(Eugenio MIcali e Elio Nicosia) <\/em><br \/>\nore 21.30: Performance Compagnia DNA<br \/>\nore 22.00: Concerto Luciano Panama \u201cLIVE SOLO\u201d<br \/>\n<strong>Domenica 12<\/strong><br \/>\ndalle ore 10.00 alle ore 12.00: Workshop con esito di Fotografia Subacquea in cui i danzatori faranno da modelli ai fotografi in acqua<br \/>\ndalle ore 18.30 alle ore 19.00: Proiezione delle foto<br \/>\ndalle ore 19.00 alle ore 20.00: Intervento di Patrizia Maiorca<br \/>\nOre 21.00: Concerto <em>\u201cThe Jester\u201d<\/em><br \/>\n<strong>Luned\u00ec 13 <\/strong><br \/>\nDalle ore 19.00: Aperitivo Casa Peloro<br \/>\nOre 21.00: Performance \u201cW MARIA\u201d\u00a0 Compagnia Samuele Cardini\/ Versiliadanza<br \/>\nOre 23:00: <em>\u201cUnderwater park \u2013 Closing night\u201d<\/em> Djset by Pablot + Video Mapping<br \/>\nL\u2019iniziativa \u00e8 inserita nel cartellone degli eventi dell\u2019\u201dEstate messinese\u201d. E allora che il divertimento abbia inizio con Sud.O,Re.<br \/>\n <div id=\"div-gpt-ad-Messinaoggi.it-DSK-300x250-corpoart\" style=\"text-align:center;margin:0 auto;\"><\/div><\/p>\n<div id=\"videoincontent\" style=\"clear:both\";><\/div>","protected":false},"excerpt":{"rendered":"<p>L\u2019attesa \u00e8 finita. Domani, alle ore 10.00, nell\u2019incantevole scenario del parco Horcynus Orca di Capo Peloro, prender\u00e0 il via la prima edizione di Sud.O.Re festival, la kermesse che fino al 13 agosto proporr\u00e0 un nutrito programma \u00a0comprendente danza contemporanea, arte, musica live e fotografia subacquea. L\u2019evento, organizzato dall\u2019art director Giulio Cassisa, ha come filo conduttore [&hellip;]<\/p>\n","protected":false},"author":5,"featured_media":22980,"comment_status":"closed","ping_status":"open","sticky":false,"template":"","format":"standard","meta":{"ub_ctt_via":"","_mi_skip_tracking":false},"categories":[17],"tags":[],"featured_image_src":"https:\/\/www.messinaoggi.it\/website\/wp-content\/uploads\/2018\/08\/Sud.O.Re_-1.jpg","author_info":{"display_name":"Maria Antonella Saia","author_link":"https:\/\/www.messinaoggi.it\/website\/author\/m-saia\/"},"digistream_id":0,"digistream":false,"_links":{"self":[{"href":"https:\/\/www.messinaoggi.it\/website\/wp-json\/wp\/v2\/posts\/22979"}],"collection":[{"href":"https:\/\/www.messinaoggi.it\/website\/wp-json\/wp\/v2\/posts"}],"about":[{"href":"https:\/\/www.messinaoggi.it\/website\/wp-json\/wp\/v2\/types\/post"}],"author":[{"embeddable":true,"href":"https:\/\/www.messinaoggi.it\/website\/wp-json\/wp\/v2\/users\/5"}],"replies":[{"embeddable":true,"href":"https:\/\/www.messinaoggi.it\/website\/wp-json\/wp\/v2\/comments?post=22979"}],"version-history":[{"count":0,"href":"https:\/\/www.messinaoggi.it\/website\/wp-json\/wp\/v2\/posts\/22979\/revisions"}],"wp:featuredmedia":[{"embeddable":true,"href":"https:\/\/www.messinaoggi.it\/website\/wp-json\/wp\/v2\/media\/22980"}],"wp:attachment":[{"href":"https:\/\/www.messinaoggi.it\/website\/wp-json\/wp\/v2\/media?parent=22979"}],"wp:term":[{"taxonomy":"category","embeddable":true,"href":"https:\/\/www.messinaoggi.it\/website\/wp-json\/wp\/v2\/categories?post=22979"},{"taxonomy":"post_tag","embeddable":true,"href":"https:\/\/www.messinaoggi.it\/website\/wp-json\/wp\/v2\/tags?post=22979"}],"curies":[{"name":"wp","href":"https:\/\/api.w.org\/{rel}","templated":true}]}}