{"id":22972,"date":"2018-08-06T12:18:55","date_gmt":"2018-08-06T10:18:55","guid":{"rendered":"http:\/\/www.messinaoggi.it\/website\/?p=22972"},"modified":"2018-08-06T12:18:55","modified_gmt":"2018-08-06T10:18:55","slug":"atm-i-sindacati-su-blitz-notturno-temiamo-tagli-al-servizio-pubblico","status":"publish","type":"post","link":"https:\/\/www.messinaoggi.it\/website\/2018\/08\/06\/atm-i-sindacati-su-blitz-notturno-temiamo-tagli-al-servizio-pubblico\/","title":{"rendered":"Atm, i sindacati su &quot;blitz&quot; notturno: &quot;Temiamo tagli al servizio pubblico&quot;"},"content":{"rendered":"<p><span style=\"color: #000000\">\u201c<span style=\"font-family: Arial, sans-serif\"><span style=\"font-size: medium\"><em>Stanotte abbiamo effettuato un controllo su tutti gli autobus e sul tram: l\u2019operazione \u00e8 iniziata alle ore 21 di ieri e si \u00e8 conclusa alle ore 8 di stamani<\/em>&#8220;, cos\u00ec il sindaco Cateno De Luca sulla sua pagina Facebook, annunciando alla propria platea di supporters di aver eseguito l&#8217;ennesimo blitz a sorpresa all&#8217;Atm. Il blitz notturno, della durata complessiva di 11 ore, ha comportato l&#8217;esecuzione di una serie di controlli su autobus e tram in linea, giungendo alla conclusione che: &#8220;<em>le corse in alcune ore non hanno alcun senso e che i paganti non sono neanche il 30% dei fruitori<\/em>&#8220;. Immediata la reazione dei sindacati:\u00a0<\/span><\/span><\/span><span style=\"font-family: Arial, sans-serif\">&#8220;<em>Abbiamo il timore che la nuova direzione Atm si prepari ad un drastico taglio al servizio pubblico<\/em>&#8220;, si legge in una nota a firma di Filt Cgil, Fit Cisl e Uiltrasporti.<\/span><br \/>\n<span style=\"font-family: Arial, sans-serif\">&#8220;<em>Non siamo certo per gli sprechi ed in quest&#8217;ottica si pu\u00f2 operare,<\/em> &#8211; ci tengono a precisare\u00a0i segretari Massimiliano Parisi, Lillo D\u2019Amico e Michele Barresi &#8211;<em> speriamo per\u00f2 non basandosi su blitz pittoreschi all&#8217;alba di un luned\u00ec di agosto. Bisogna realizzare studi seri di settore, proprio come fece l&#8217;Universit\u00e0 per la frequentazione del tram<\/em>.<\/span><br \/>\n<span style=\"font-family: Arial, sans-serif\">&#8220;<em>Di certo i bus vuoti non servono a nessuno ma, oltre i numeri,\u00a0resta alla base la necessit\u00e0 di garantire un servizio pubblico e sociale che non potr\u00e0 mai essere a mercato e che anche per legge si basa solo sul 35% dei ricavi da biglietto, obbiettivo raggiunto da pochissime aziende di trasporto pubblico locale. Con risorse pubbliche bisogna comunque fornire servizi alle fasce pi\u00f9 deboli e alle periferie pi\u00f9 disagiate<\/em><\/span><br \/>\n<span style=\"font-family: Arial, sans-serif\">&#8220;<em>Le recenti vicende giudiziarie che hanno visto interessata anche l\u2019Atm creano profonda preoccupazione\u00a0<\/em><\/span><em><span style=\"font-family: Arial, sans-serif\">sull\u2019odierna situazione gestionale e operativa dell&#8217;Atm. <\/span><\/em><span style=\"font-family: Arial, sans-serif\"><em>A preoccuparci sono il futuro occupazionale e i livelli salariali degli oltre 500 dipendenti ed il futuro del servizio pubblico urbano cittadino che nelle ultime settimane ha fatto riscontrare una pericolosa flessione in termini di efficienza puntualit\u00e0 e produzione, con una media di 15 corse bus soppresse giornalmente con punte di 25 linee giornaliere saltate e volumi di lavoro straordinario all&#8217;esercizio ai limiti della normativa.\u00a0<\/em><\/span><em><span style=\"font-family: Arial, sans-serif\">Abbiamo forti preoccupazioni per un\u2019azienda decapitata e rimasta senza una Dirigenza generale e amministrativa che non pu\u00f2 essere guidata da funzionari supplenti che non possiedono i titoli richiesti per il ruolo di direttore e le esperienze necessarie ad una guida dirigenziale e organizzativa quanto mai delicata.\u00a0<\/span><\/em><br \/>\n<span style=\"font-family: Arial, sans-serif\">&#8220;<em>Comprendiamo quanto sia complicato anche per il nuovo consiglio di amministrazione governare l&#8217;azienda ereditata in una fase temporale cos\u00ec critica e senza un piano industriale di riferimento, ma temiamo gi\u00e0 dal prossimo 16 agosto, se sar\u00e0 ulteriormente ridotta la forza lavoro degli autisti, l&#8217;inevitabile ridimensionamento del servizio gommato, con pesanti ricadute sull&#8217;utenza alla riapertura della scuole, ma anche sugli stessi lavoratori che hanno negli ultimi anni hanno legato il proprio salario alla produttivit\u00e0 dell&#8217;azienda scommettendo nel rilancio e non nella flessione dell&#8217;offerta.<\/em><\/span><br \/>\n<span style=\"font-family: Arial, sans-serif\">&#8220;<em>Evidenziamo anche come da settimane il servizio posteggi\/navetta di Torri Morandi sia fortemente penalizzato dalla riduzione delle navette bus offerti agli utenti con conseguente disagio alla clientela che spesso infuriata si accanisce contro gli incolpevoli ausiliari del traffico che nonostante la professionalit\u00e0 profusa non riescono pi\u00f9 a gestire la situazione diventata insostenibile e persino rischiosa per la loro incolumit\u00e0.\u00a0<\/em><\/span><em><span style=\"font-family: Arial, sans-serif\">Chiediamo al consiglio di amministrazione di accertare tale situazione e se necessario di sospendere da subito il servizio di Torri Morandi prima del prossimo week end di ferragosto al fine di evitare di fornire un servizio inefficiente al pubblico e ulteriori inutili rischi ai lavoratori.<\/span><\/em><br \/>\n<span style=\"font-family: Arial, sans-serif\">&#8220;<em>Alla luce delle recenti criticit\u00e0 chiediamo\u00a0pertanto al nuovo consiglio di amministrazione un urgente confronto<\/em>&#8220;.<\/span><div id=\"div-gpt-ad-Messinaoggi.it-DSK-300x250-corpoart\" style=\"text-align:center;margin:0 auto;\"><\/div><\/p>\n<div id=\"videoincontent\" style=\"clear:both\";><\/div>","protected":false},"excerpt":{"rendered":"<p>\u201cStanotte abbiamo effettuato un controllo su tutti gli autobus e sul tram: l\u2019operazione \u00e8 iniziata alle ore 21 di ieri e si \u00e8 conclusa alle ore 8 di stamani&#8220;, cos\u00ec il sindaco Cateno De Luca sulla sua pagina Facebook, annunciando alla propria platea di supporters di aver eseguito l&#8217;ennesimo blitz a sorpresa all&#8217;Atm. Il blitz [&hellip;]<\/p>\n","protected":false},"author":8,"featured_media":5141,"comment_status":"closed","ping_status":"open","sticky":false,"template":"","format":"standard","meta":{"ub_ctt_via":"","_mi_skip_tracking":false},"categories":[6],"tags":[],"featured_image_src":"https:\/\/www.messinaoggi.it\/website\/wp-content\/uploads\/2017\/07\/bus-atm-2.jpg","author_info":{"display_name":"red..me","author_link":"https:\/\/www.messinaoggi.it\/website\/author\/redstage\/"},"digistream_id":0,"digistream":false,"_links":{"self":[{"href":"https:\/\/www.messinaoggi.it\/website\/wp-json\/wp\/v2\/posts\/22972"}],"collection":[{"href":"https:\/\/www.messinaoggi.it\/website\/wp-json\/wp\/v2\/posts"}],"about":[{"href":"https:\/\/www.messinaoggi.it\/website\/wp-json\/wp\/v2\/types\/post"}],"author":[{"embeddable":true,"href":"https:\/\/www.messinaoggi.it\/website\/wp-json\/wp\/v2\/users\/8"}],"replies":[{"embeddable":true,"href":"https:\/\/www.messinaoggi.it\/website\/wp-json\/wp\/v2\/comments?post=22972"}],"version-history":[{"count":0,"href":"https:\/\/www.messinaoggi.it\/website\/wp-json\/wp\/v2\/posts\/22972\/revisions"}],"wp:featuredmedia":[{"embeddable":true,"href":"https:\/\/www.messinaoggi.it\/website\/wp-json\/wp\/v2\/media\/5141"}],"wp:attachment":[{"href":"https:\/\/www.messinaoggi.it\/website\/wp-json\/wp\/v2\/media?parent=22972"}],"wp:term":[{"taxonomy":"category","embeddable":true,"href":"https:\/\/www.messinaoggi.it\/website\/wp-json\/wp\/v2\/categories?post=22972"},{"taxonomy":"post_tag","embeddable":true,"href":"https:\/\/www.messinaoggi.it\/website\/wp-json\/wp\/v2\/tags?post=22972"}],"curies":[{"name":"wp","href":"https:\/\/api.w.org\/{rel}","templated":true}]}}