{"id":229626,"date":"2025-02-24T18:05:43","date_gmt":"2025-02-24T17:05:43","guid":{"rendered":"https:\/\/www.messinaoggi.it\/website\/2025\/02\/24\/ucraina-von-der-leyen-e-in-gioco-il-destino-delleuropa\/"},"modified":"2025-02-24T18:05:43","modified_gmt":"2025-02-24T17:05:43","slug":"ucraina-von-der-leyen-e-in-gioco-il-destino-delleuropa","status":"publish","type":"post","link":"https:\/\/www.messinaoggi.it\/website\/2025\/02\/24\/ucraina-von-der-leyen-e-in-gioco-il-destino-delleuropa\/","title":{"rendered":"Ucraina, Von der Leyen \u201cE\u2019 in gioco il destino dell\u2019Europa\u201d"},"content":{"rendered":"<div>KIEV (UCRAINA) (ITALPRESS) &#8211; &#8220;Il 24 febbraio 2022 \u00e8 un giorno che vivr\u00e0 per sempre nell&#8217;infamia. Oggi ci uniamo a te nel ricordare gli eroi caduti dell&#8217;Ucraina e coloro che stanno ancora combattendo in prima linea&#8221;. Lo ha detto la presidente della Commissione Europea, Ursula von der Leyen, rivolgendosi al presidente ucraino Volodymyr Zelensky al Summit Internazionale sul Sostegno all&#8217;Ucraina, a Kiev, nel terzo anniversario dell&#8217;inizio dell&#8217;invasione russa.<br \/>&#8220;Una nazione pacifica \u00e8 stata invasa, senza motivo se non l&#8217;ossessione imperialista di Putin. Ma noi crediamo in un&#8217;Ucraina libera e sovrana nel suo cammino verso l&#8217;Unione Europea &#8211; ha aggiunto Von der Leyen -. E ci uniamo a te per costruire insieme questo futuro. La guerra in Ucraina rimane la crisi pi\u00f9 centrale e significativa per il futuro dell&#8217;Europa. Putin sta cercando pi\u00f9 che mai di vincere questa guerra sul campo. Il suo obiettivo rimane la capitolazione dell&#8217;Ucraina. E poi sappiamo cosa potrebbe succedere dopo. Perch\u00e8 \u00e8 gi\u00e0 successo prima. Non \u00e8 solo il destino dell&#8217;Ucraina che \u00e8 in gioco. E&#8217; il destino dell&#8217;Europa. Quindi la nostra priorit\u00e0 principale rimane potenziare la resistenza dell&#8217;Ucraina&#8221;.<br \/>&#8220;Fino ad ora, la nostra Unione e gli Stati membri hanno supportato l&#8217;Ucraina con 134 miliardi di euro. Pi\u00f9 di chiunque altro. Grazie alla nostra Facility per l&#8217;Ucraina e al prestito del G7, abbiamo colmato il divario di bilancio dell&#8217;Ucraina per l&#8217;intero anno 2025. In parallelo, dobbiamo accelerare la consegna immediata di armi e munizioni. E questo sar\u00e0 al centro del nostro lavoro nelle prossime settimane. Oggi, sono qui con il Collegio della Commissione Europea &#8211; ha proseguito la presidente -. Un&#8217;Ucraina libera e sovrana non \u00e8 solo nell&#8217;interesse europeo, ma anche nell&#8217;interesse dell&#8217;intero mondo. Gli autocrati di tutto il mondo stanno osservando molto da vicino se c&#8217;\u00e8 impunit\u00e0 per chi invade il proprio vicino e viola i confini internazionali. O se c&#8217;\u00e8 una vera deterrenza. Questo non \u00e8 solo fondamentale per l&#8217;Europa. E&#8217; importante anche per l&#8217;Asia, per l&#8217;Africa e per entrambi i lati dell&#8217;Atlantico. Un investimento nella sovranit\u00e0 dell&#8217;Ucraina \u00e8 un investimento nella prevenzione delle future guerre. E c&#8217;\u00e8 di pi\u00f9 per l&#8217;Europa e per il mondo. L&#8217;Ucraina ha un&#8217;industria della difesa altamente innovativa e fiorente. Questo non dovrebbe mai alimentare gli arsenali di una potenza aggressiva, ma rafforzare la resilienza di un&#8217;Unione Europea che sta assumendo maggiore responsabilit\u00e0 per la propria sicurezza&#8221;.<br \/>&#8220;L&#8217;Ucraina ha una scena di start-up vivace con molta esperienza in settori emergenti come l&#8217;Intelligenza Artificiale e i droni. L&#8217;atteggiamento proattivo e lo spirito imprenditoriale delle giovani e dinamiche aziende ucraine possono fornire importanti impulsi alla competitivit\u00e0 dell&#8217;Europa. L&#8217;Europa \u00e8 qui per rafforzare l&#8217;Ucraina in questo momento critico. Posso annunciare che un nuovo pagamento di 3,5 miliardi di euro per l&#8217;Ucraina arriver\u00e0 gi\u00e0 a marzo. E come ha appena detto il presidente Costa, ci sar\u00e0 un Consiglio europeo speciale. Presenter\u00f2 un piano complessivo su come aumentare la nostra produzione europea di armi e le capacit\u00e0 di difesa &#8211; ha proseguito -. E anche l&#8217;Ucraina ne beneficer\u00e0. Quando parliamo di sicurezza, non stiamo parlando solo della dimensione militare. Le persone qui in Ucraina lo sanno molto bene. Da tre anni, la Russia ha cercato di immergere l&#8217;Ucraina nell&#8217;oscurit\u00e0 colpendo incessantemente l&#8217;infrastruttura energetica. Abbiamo preparato un pacchetto ambizioso sulla sicurezza energetica. L&#8217;obiettivo \u00e8 garantire un sistema energetico resiliente, sicuro e competitivo per l&#8217;Ucraina. Integreremo completamente il mercato elettrico dell&#8217;Ucraina e della Moldavia con il nostro mercato elettrico entro la fine del prossimo anno&#8221;.<br \/>&#8220;E sfrutteremo tutto il potenziale dei vasti stoccaggi di gas dell&#8217;Ucraina, di cui l&#8217;80% si trova vicino agli Stati membri dell&#8217;UE. Questo genera entrate per l&#8217;Ucraina. E accelereremo gli investimenti nelle energie rinnovabili dell&#8217;Ucraina. Tutti questi sforzi porteranno a una maggiore sicurezza energetica sia per l&#8217;Ucraina che per l&#8217;Unione Europea. Infine, nessuno desidera pi\u00f9 della pace del popolo ucraino. Ma una pace giusta e duratura arriva solo attraverso la forza &#8211; ha concluso Von der Leyen -. Ecco perch\u00e8 rafforziamo la tua economia. Ecco perch\u00e8 aumentiamo la resilienza della tua fornitura di energia. Ecco perch\u00e8 continueremo a formare e equipaggiare le tue truppe. Pensa, ad esempio, all&#8217;importanza delle munizioni per l&#8217;artiglieria. E oggi stiamo adottando il nostro 16\u00b0 pacchetto di sanzioni. Aumenteremo le sanzioni punitive contro la Russia, a meno che non dimostrino una vera volont\u00e0 di raggiungere un accordo di pace duraturo. Slava Ukraini&#8221;.<div id=\"div-gpt-ad-Messinaoggi.it-DSK-300x250-corpoart\" style=\"text-align:center;margin:0 auto;\"><\/div><\/p>\n<p>&#8211; Foto IPA Agency &#8211;<div id=\"videoincontent\" style=\"clear:both\";><\/div><\/p>\n<p>(ITALPRESS).<\/p><\/div>\n","protected":false},"excerpt":{"rendered":"<p>KIEV (UCRAINA) (ITALPRESS) &#8211; &#8220;Il 24 febbraio 2022 \u00e8 un giorno che vivr\u00e0 per sempre nell&#8217;infamia. Oggi ci uniamo a te nel ricordare gli eroi caduti dell&#8217;Ucraina e coloro che stanno ancora combattendo in prima linea&#8221;. Lo ha detto la presidente della Commissione Europea, Ursula von der Leyen, rivolgendosi al presidente ucraino Volodymyr Zelensky al [&hellip;]<\/p>\n","protected":false},"author":18,"featured_media":229627,"comment_status":"closed","ping_status":"closed","sticky":false,"template":"","format":"standard","meta":{"ub_ctt_via":"","_mi_skip_tracking":false},"categories":[446],"tags":[783],"featured_image_src":"https:\/\/www.messinaoggi.it\/website\/wp-content\/uploads\/2025\/02\/20250224_1191.jpg","author_info":{"display_name":"Admin","author_link":"https:\/\/www.messinaoggi.it\/website\/author\/admin\/"},"digistream_id":0,"digistream":false,"_links":{"self":[{"href":"https:\/\/www.messinaoggi.it\/website\/wp-json\/wp\/v2\/posts\/229626"}],"collection":[{"href":"https:\/\/www.messinaoggi.it\/website\/wp-json\/wp\/v2\/posts"}],"about":[{"href":"https:\/\/www.messinaoggi.it\/website\/wp-json\/wp\/v2\/types\/post"}],"author":[{"embeddable":true,"href":"https:\/\/www.messinaoggi.it\/website\/wp-json\/wp\/v2\/users\/18"}],"replies":[{"embeddable":true,"href":"https:\/\/www.messinaoggi.it\/website\/wp-json\/wp\/v2\/comments?post=229626"}],"version-history":[{"count":0,"href":"https:\/\/www.messinaoggi.it\/website\/wp-json\/wp\/v2\/posts\/229626\/revisions"}],"wp:featuredmedia":[{"embeddable":true,"href":"https:\/\/www.messinaoggi.it\/website\/wp-json\/wp\/v2\/media\/229627"}],"wp:attachment":[{"href":"https:\/\/www.messinaoggi.it\/website\/wp-json\/wp\/v2\/media?parent=229626"}],"wp:term":[{"taxonomy":"category","embeddable":true,"href":"https:\/\/www.messinaoggi.it\/website\/wp-json\/wp\/v2\/categories?post=229626"},{"taxonomy":"post_tag","embeddable":true,"href":"https:\/\/www.messinaoggi.it\/website\/wp-json\/wp\/v2\/tags?post=229626"}],"curies":[{"name":"wp","href":"https:\/\/api.w.org\/{rel}","templated":true}]}}