{"id":229556,"date":"2025-02-24T11:11:11","date_gmt":"2025-02-24T10:11:11","guid":{"rendered":"http:\/\/www.messinaoggi.it\/website\/?p=229556"},"modified":"2025-02-24T11:11:32","modified_gmt":"2025-02-24T10:11:32","slug":"consegnato-oggi-il-parcheggio-di-interscambio-a-raso-san-licandro","status":"publish","type":"post","link":"https:\/\/www.messinaoggi.it\/website\/2025\/02\/24\/consegnato-oggi-il-parcheggio-di-interscambio-a-raso-san-licandro\/","title":{"rendered":"Consegnato oggi il parcheggio di interscambio a raso \u201cSan Licandro&#8221;"},"content":{"rendered":"\n<p>E\u2019 stato consegnato stamani il parcheggio di interscambio a raso \u201cSan Licandro&#8221;, alla presenza del vicesindaco con delega alla Mobilit\u00e0 Urbana <strong>Salvatore Mondello<\/strong>, del Rup <strong>Alfio Giovanni D\u2019Aquino<\/strong>, del direttore dei Lavori <strong>Giovanni Caminiti<\/strong> e dei rappresentanti dell\u2019impresa appaltante.<div id=\"div-gpt-ad-Messinaoggi.it-DSK-300x250-corpoart\" style=\"text-align:center;margin:0 auto;\"><\/div><\/p>\n\n\n\n<p>Il progetto, per un importo a base d\u2019asta di \u20ac 642.104,35 oltre IVA, fa parte del Programma straordinario per la realizzazione di nuovi parcheggi di interscambio, finalizzato al miglioramento della funzionalit\u00e0 e della sostenibilit\u00e0 ambientale della mobilit\u00e0 urbana nel territorio del Comune di Messina. <div id=\"videoincontent\" style=\"clear:both\";><\/div><\/p>\n\n\n\n<p>I lavori sono stati consegnati in data 21\/11\/2022 e ultimati in data 05\/02\/2025 (incluse sospensioni varie), ad eccezione di piccole finiture di dettaglio.Con il suo completamento, si sono realizzati 50 posti auto, di cui due dedicati a persone con ridotte capacit\u00e0 motorie, due destinati a stalli rosa e due per la ricarica di veicoli elettrici alla collocata e installata colonnina. <\/p>\n\n\n\n<p>Il parcheggio \u00e8 dotato di sistema di videosorveglianza dell\u2019area tramite 5 telecamere collocate in modo da dare completa contezza e controllo dell&#8217;area parcheggio, dell&#8217;ingresso e dell&#8217;uscita, del sistema di bigliettazione con lettura targhe in ingresso e in uscita, e del collegamento dei suddetti sistemi al CED tramite ponte radio. <\/p>\n\n\n\n<p>E\u2019 stata realizzata la segnaletica orizzontale e verticale all\u2019interno dell\u2019area a parcheggio, all\u2019ingresso e all&#8217;uscita dello stesso, nonch\u00e9 lungo la strada circostante. La struttura presenta un impianto di illuminazione a led ad alta efficienza, asservito all\u2019intera area a parcheggio.<\/p>\n\n\n\n<p>&#8220;Un nuovo importante tassello si aggiunge al sistema viabile cittadino &#8211; ha dichiarato il sindaco <strong>Federico Basile<\/strong> &#8211; nell\u2019ottica della rimodulazione che l\u2019Amministrazione De Luca prima e l\u2019attuale in continuit\u00e0, hanno programmato per restituire alla citt\u00e0 una mobilit\u00e0 efficiente e all\u2019avanguardia&#8221;.<\/p>\n\n\n\n<p>&#8220;Prende sempre pi\u00f9 forma \u2013 ha aggiunto il vicesindaco Mondello &#8211; il disegno immaginato per portare la citt\u00e0 di Messina agli standard europei. L\u2019individuazione di aree a parcheggio, opportunamente attrezzate, consente un assetto della mobilit\u00e0 che risponde a criteri di ordine e sicurezza, a dispetto di una cultura del caos da rimuovere, per una citt\u00e0 vivibile e moderna&#8221;.<\/p>\n","protected":false},"excerpt":{"rendered":"<p>E\u2019 stato consegnato stamani il parcheggio di interscambio a raso \u201cSan Licandro&#8221;, alla presenza del vicesindaco con delega alla Mobilit\u00e0 Urbana Salvatore Mondello, del Rup Alfio Giovanni D\u2019Aquino, del direttore dei Lavori Giovanni Caminiti e dei rappresentanti dell\u2019impresa appaltante. Il progetto, per un importo a base d\u2019asta di \u20ac 642.104,35 oltre IVA, fa parte del [&hellip;]<\/p>\n","protected":false},"author":15,"featured_media":229559,"comment_status":"open","ping_status":"open","sticky":false,"template":"","format":"standard","meta":{"ub_ctt_via":"","_mi_skip_tracking":false},"categories":[5,6],"tags":[2972,5081,11356,2406,1899],"featured_image_src":"https:\/\/www.messinaoggi.it\/website\/wp-content\/uploads\/2025\/02\/Parcheggio-San-Licandro.jpg","author_info":{"display_name":"red.me","author_link":"https:\/\/www.messinaoggi.it\/website\/author\/red-me\/"},"digistream_id":0,"digistream":false,"_links":{"self":[{"href":"https:\/\/www.messinaoggi.it\/website\/wp-json\/wp\/v2\/posts\/229556"}],"collection":[{"href":"https:\/\/www.messinaoggi.it\/website\/wp-json\/wp\/v2\/posts"}],"about":[{"href":"https:\/\/www.messinaoggi.it\/website\/wp-json\/wp\/v2\/types\/post"}],"author":[{"embeddable":true,"href":"https:\/\/www.messinaoggi.it\/website\/wp-json\/wp\/v2\/users\/15"}],"replies":[{"embeddable":true,"href":"https:\/\/www.messinaoggi.it\/website\/wp-json\/wp\/v2\/comments?post=229556"}],"version-history":[{"count":2,"href":"https:\/\/www.messinaoggi.it\/website\/wp-json\/wp\/v2\/posts\/229556\/revisions"}],"predecessor-version":[{"id":229558,"href":"https:\/\/www.messinaoggi.it\/website\/wp-json\/wp\/v2\/posts\/229556\/revisions\/229558"}],"wp:featuredmedia":[{"embeddable":true,"href":"https:\/\/www.messinaoggi.it\/website\/wp-json\/wp\/v2\/media\/229559"}],"wp:attachment":[{"href":"https:\/\/www.messinaoggi.it\/website\/wp-json\/wp\/v2\/media?parent=229556"}],"wp:term":[{"taxonomy":"category","embeddable":true,"href":"https:\/\/www.messinaoggi.it\/website\/wp-json\/wp\/v2\/categories?post=229556"},{"taxonomy":"post_tag","embeddable":true,"href":"https:\/\/www.messinaoggi.it\/website\/wp-json\/wp\/v2\/tags?post=229556"}],"curies":[{"name":"wp","href":"https:\/\/api.w.org\/{rel}","templated":true}]}}