{"id":229550,"date":"2025-02-24T11:05:47","date_gmt":"2025-02-24T10:05:47","guid":{"rendered":"https:\/\/www.messinaoggi.it\/website\/2025\/02\/24\/confiscato-definitivamente-il-tesoro-dei-casamonica\/"},"modified":"2025-02-24T11:05:47","modified_gmt":"2025-02-24T10:05:47","slug":"confiscato-definitivamente-il-tesoro-dei-casamonica","status":"publish","type":"post","link":"https:\/\/www.messinaoggi.it\/website\/2025\/02\/24\/confiscato-definitivamente-il-tesoro-dei-casamonica\/","title":{"rendered":"Confiscato definitivamente il tesoro dei Casamonica"},"content":{"rendered":"<div>ROMA (ITALPRESS) &#8211; Gli agenti della Divisione Anticrimine della Questura di Roma hanno eseguito un provvedimento di confisca, emesso dal Tribunale di Roma &#8211; Sezione Misure di Prevenzione, divenuto definitivo in seguito alla pronuncia della Quinta Sezione della Corte Suprema di Cassazione. Passano cos\u00ec allo Stato beni immobili e mobili di ingente valore, tra cui argenteria, gioielli e un autoveicolo nonch\u00e8 disponibilit\u00e0 finanziarie, per un valore complessivo di oltre 3 milioni di euro, riconducibili a due esponenti dei Casamonica, padre e figlio.<br \/>L&#8217;odierna attivit\u00e0, sottolineano gli inquirenti, costituisce la conclusione di un&#8217;importante operazione di polizia giudiziaria e testimonia la straordinaria azione congiunta della Procura capitolina e della Questura di Roma volta a contrastare la criminalit\u00e0 organizzata, ad aggredire i patrimoni illecitamente accumulati per essere restituiti alla collettivit\u00e0 in un percorso di legalit\u00e0.<br \/>Il 16 giugno 2020 era stato eseguito il sequestro dei beni disposto dal Tribunale Sezione Misure di Prevenzione, su proposta congiunta del Procuratore e del Questore di Roma in concomitanza con l&#8217;esecuzione delle ordinanze di custodia cautelare di 20 aderenti all&#8217;associazione mafiosa denominata &#8220;clan Casamonica&#8221;. Ed il Tribunale &#8211; Sezione Misure di Prevenzione di Roma l&#8217;8 novembre 2021 aveva emesso un decreto di confisca dei beni. Contestualmente, sul piano soggettivo veniva provata l&#8217;attualit\u00e0 della pericolosit\u00e0 sia generica che qualificata degli indagati, con l&#8217;applicazione della misura personale della sorveglianza speciale con obbligo di soggiorno nel comune di residenza, per la durata di 3 anni. A seguito di impugnazione della decisione da parte degli interessati, con decreto dell&#8217;8 marzo 2024, la Corte d&#8217;Appello di Roma &#8211; Sezione IV Penale rigettava tutti i ricorsi confermando integralmente il decreto di confisca del Tribunale nonch\u00e8 l&#8217;applicazione delle misure personali. Avverso il provvedimento della Corte d&#8217;Appello gli indagati proponevano ricorso per Cassazione. Con sentenza emessa il 28 gennaio 2025, la Quinta Sezione Penale della Corte Suprema di Cassazione ha dichiarato inammissibili i ricorsi dei due Casamonica, condannandoli oltre che al pagamento delle spese processuali anche al versamento della somma di 3 mila euro in favore della cassa delle ammende.<br \/>I beni che entreranno definitivamente nel patrimonio dello Stato sono 4 unit\u00e0 immobiliari, tra cui la sfarzosa villa in via Roccabernarda 8, affidata in uso nel corso della procedura all&#8217;Azienda Pubblica Servizi alla persona &#8220;Asilo Savoia&#8221; e quella di via Flavia Demetria 90, residenza storica del clan, affidata alla Fondazione Pangea Onlus. La villa sita a Monterosi, in provincia di Viterbo, \u00e8 stata assegnata per finalit\u00e0 sociali a quell&#8217;Amministrazione Comunale. La confisca degli immobili \u00e8 stata estesa a tutto il mobilio, argenteria, elettrodomestici ed altri beni presenti al loro interno, di rilevante valore economico. Confiscati anche un veicolo e disponibilit\u00e0 finanziarie presso vari istituti di credito.<br \/>&#8211; foto: screenshot da video ufficio stampa Polizia di Stato &#8211;<br \/>(ITALPRESS).<\/div>\n<div id=\"div-gpt-ad-Messinaoggi.it-DSK-300x250-corpoart\" style=\"text-align:center;margin:0 auto;\"><\/div><\/p><div id=\"videoincontent\" style=\"clear:both\";><\/div>","protected":false},"excerpt":{"rendered":"<p>ROMA (ITALPRESS) &#8211; Gli agenti della Divisione Anticrimine della Questura di Roma hanno eseguito un provvedimento di confisca, emesso dal Tribunale di Roma &#8211; Sezione Misure di Prevenzione, divenuto definitivo in seguito alla pronuncia della Quinta Sezione della Corte Suprema di Cassazione. Passano cos\u00ec allo Stato beni immobili e mobili di ingente valore, tra cui [&hellip;]<\/p>\n","protected":false},"author":18,"featured_media":229551,"comment_status":"closed","ping_status":"closed","sticky":false,"template":"","format":"standard","meta":{"ub_ctt_via":"","_mi_skip_tracking":false},"categories":[446],"tags":[783],"featured_image_src":"https:\/\/www.messinaoggi.it\/website\/wp-content\/uploads\/2025\/02\/20250224_0095.jpg","author_info":{"display_name":"Admin","author_link":"https:\/\/www.messinaoggi.it\/website\/author\/admin\/"},"digistream_id":0,"digistream":false,"_links":{"self":[{"href":"https:\/\/www.messinaoggi.it\/website\/wp-json\/wp\/v2\/posts\/229550"}],"collection":[{"href":"https:\/\/www.messinaoggi.it\/website\/wp-json\/wp\/v2\/posts"}],"about":[{"href":"https:\/\/www.messinaoggi.it\/website\/wp-json\/wp\/v2\/types\/post"}],"author":[{"embeddable":true,"href":"https:\/\/www.messinaoggi.it\/website\/wp-json\/wp\/v2\/users\/18"}],"replies":[{"embeddable":true,"href":"https:\/\/www.messinaoggi.it\/website\/wp-json\/wp\/v2\/comments?post=229550"}],"version-history":[{"count":0,"href":"https:\/\/www.messinaoggi.it\/website\/wp-json\/wp\/v2\/posts\/229550\/revisions"}],"wp:featuredmedia":[{"embeddable":true,"href":"https:\/\/www.messinaoggi.it\/website\/wp-json\/wp\/v2\/media\/229551"}],"wp:attachment":[{"href":"https:\/\/www.messinaoggi.it\/website\/wp-json\/wp\/v2\/media?parent=229550"}],"wp:term":[{"taxonomy":"category","embeddable":true,"href":"https:\/\/www.messinaoggi.it\/website\/wp-json\/wp\/v2\/categories?post=229550"},{"taxonomy":"post_tag","embeddable":true,"href":"https:\/\/www.messinaoggi.it\/website\/wp-json\/wp\/v2\/tags?post=229550"}],"curies":[{"name":"wp","href":"https:\/\/api.w.org\/{rel}","templated":true}]}}