{"id":229544,"date":"2025-02-24T11:05:42","date_gmt":"2025-02-24T10:05:42","guid":{"rendered":"https:\/\/www.messinaoggi.it\/website\/2025\/02\/24\/germania-weber-i-tedeschi-vogliono-unue-forte\/"},"modified":"2025-02-24T11:05:42","modified_gmt":"2025-02-24T10:05:42","slug":"germania-weber-i-tedeschi-vogliono-unue-forte","status":"publish","type":"post","link":"https:\/\/www.messinaoggi.it\/website\/2025\/02\/24\/germania-weber-i-tedeschi-vogliono-unue-forte\/","title":{"rendered":"Germania, Weber \u201cI tedeschi vogliono un\u2019Ue forte\u201d"},"content":{"rendered":"<div>ROMA (ITALPRESS) &#8211; &#8220;Il voto \u00e8 chiaro: i tedeschi vogliono vedere un&#8217;Ue forte e i partiti che sostengono l&#8217;Ue sono la stragrande maggioranza&#8221;. Lo dice al Corriere della Sera il presidente e capogruppo del Ppe Manfred Weber. &#8220;La Germania ha bisogno di stabilit\u00e0 il pi\u00f9 rapidamente possibile &#8211; aggiunge &#8211; Il resto del mondo, in particolare Trump, non sta ad aspettare le interminabili trattative di coalizione in Germania. La Cdu e la Csu hanno avuto un chiaro sostegno per formare il governo e questo risultato \u00e8 un chiaro mandato per Friedrich Merz&#8221;. Che coalizione sar\u00e0 &#8220;\u00e8 troppo presto per dirlo. Ma una cosa \u00e8 chiara: dobbiamo lavorare con coloro che sono pronti per un cambiamento politico perch\u00e8 l&#8217;approccio ideologico di sinistra \u00e8 stato bocciato. Il governo Scholz \u00e8 gi\u00e0 finito dopo appena tre anni. Gli elettori tedeschi hanno dato un chiaro mandato per tornare a una politica di centrodestra in Germania e questo deve essere il principio guida. I socialisti hanno registrato il peggiore risultato elettorale della storia: devono tornare a un centro pragmatico. In passato si preoccupavano molto degli operai, ora sono molto pi\u00f9 orientati all&#8217;ideologia. Non sono pi\u00f9 un partito di lavoratori&#8221;. Per Weber &#8220;a livello europeo la vittoria della Cdu-Csu \u00e8 una buona notizia perch\u00e8 la Germania torner\u00e0 alla stabilit\u00e0 con un&#8217;idea chiara di ci\u00f2 che vuole sviluppare e vuole introdurre a Bruxelles per trovare soluzioni europee. L&#8217;approccio di Friedrich Merz \u00e8 quello di risolvere i problemi insieme ai partner Ue&#8221;.<br \/>-foto Ipa Agency-<br \/>(ITALPRESS).<\/div>\n<div id=\"div-gpt-ad-Messinaoggi.it-DSK-300x250-corpoart\" style=\"text-align:center;margin:0 auto;\"><\/div><\/p><div id=\"videoincontent\" style=\"clear:both\";><\/div>","protected":false},"excerpt":{"rendered":"<p>ROMA (ITALPRESS) &#8211; &#8220;Il voto \u00e8 chiaro: i tedeschi vogliono vedere un&#8217;Ue forte e i partiti che sostengono l&#8217;Ue sono la stragrande maggioranza&#8221;. Lo dice al Corriere della Sera il presidente e capogruppo del Ppe Manfred Weber. &#8220;La Germania ha bisogno di stabilit\u00e0 il pi\u00f9 rapidamente possibile &#8211; aggiunge &#8211; Il resto del mondo, in [&hellip;]<\/p>\n","protected":false},"author":18,"featured_media":229545,"comment_status":"closed","ping_status":"closed","sticky":false,"template":"","format":"standard","meta":{"ub_ctt_via":"","_mi_skip_tracking":false},"categories":[446],"tags":[783],"featured_image_src":"https:\/\/www.messinaoggi.it\/website\/wp-content\/uploads\/2025\/02\/20250224_0078.jpg","author_info":{"display_name":"Admin","author_link":"https:\/\/www.messinaoggi.it\/website\/author\/admin\/"},"digistream_id":0,"digistream":false,"_links":{"self":[{"href":"https:\/\/www.messinaoggi.it\/website\/wp-json\/wp\/v2\/posts\/229544"}],"collection":[{"href":"https:\/\/www.messinaoggi.it\/website\/wp-json\/wp\/v2\/posts"}],"about":[{"href":"https:\/\/www.messinaoggi.it\/website\/wp-json\/wp\/v2\/types\/post"}],"author":[{"embeddable":true,"href":"https:\/\/www.messinaoggi.it\/website\/wp-json\/wp\/v2\/users\/18"}],"replies":[{"embeddable":true,"href":"https:\/\/www.messinaoggi.it\/website\/wp-json\/wp\/v2\/comments?post=229544"}],"version-history":[{"count":0,"href":"https:\/\/www.messinaoggi.it\/website\/wp-json\/wp\/v2\/posts\/229544\/revisions"}],"wp:featuredmedia":[{"embeddable":true,"href":"https:\/\/www.messinaoggi.it\/website\/wp-json\/wp\/v2\/media\/229545"}],"wp:attachment":[{"href":"https:\/\/www.messinaoggi.it\/website\/wp-json\/wp\/v2\/media?parent=229544"}],"wp:term":[{"taxonomy":"category","embeddable":true,"href":"https:\/\/www.messinaoggi.it\/website\/wp-json\/wp\/v2\/categories?post=229544"},{"taxonomy":"post_tag","embeddable":true,"href":"https:\/\/www.messinaoggi.it\/website\/wp-json\/wp\/v2\/tags?post=229544"}],"curies":[{"name":"wp","href":"https:\/\/api.w.org\/{rel}","templated":true}]}}