{"id":229531,"date":"2025-02-24T10:27:02","date_gmt":"2025-02-24T09:27:02","guid":{"rendered":"http:\/\/www.messinaoggi.it\/website\/?p=229531"},"modified":"2025-02-24T10:27:03","modified_gmt":"2025-02-24T09:27:03","slug":"commissioni-consiliari-fdi-a-meta-mandato-bisogna-cambiare-i-presidenti","status":"publish","type":"post","link":"https:\/\/www.messinaoggi.it\/website\/2025\/02\/24\/commissioni-consiliari-fdi-a-meta-mandato-bisogna-cambiare-i-presidenti\/","title":{"rendered":"Commissioni consiliari, FdI: &#8220;a met\u00e0 mandato bisogna cambiare i presidenti&#8221;"},"content":{"rendered":"\n<p>I consiglieri comunali di Fratelli d\u2019Italia <strong>Libero Gioveni, Pasquale Curr\u00f2 e Dario Carbone<\/strong>, anche alla luce delle nuove dinamiche che nel corso di questi due anni e mezzo sono mutate nella geografia politica dell\u2019Aula, affermano:<div id=\"div-gpt-ad-Messinaoggi.it-DSK-300x250-corpoart\" style=\"text-align:center;margin:0 auto;\"><\/div><\/p>\n\n\n\n<p>\u201cA poco pi\u00f9 di met\u00e0 mandato amministrativo, riteniamo sia opportuno e produttivo rivedere tutte le presidenze delle Commissioni consiliari del Consiglio Comunale!&#8221;  <div id=\"videoincontent\" style=\"clear:both\";><\/div><\/p>\n\n\n\n<p>&#8220;Appare evidente come le 6 presidenze delle altrettante Commissioni alle quali si \u00e8 aggiunta in corso d\u2019opera quella della Ponte \u2013 spiegano Gioveni, Carbone e Curr\u00f2 \u2013 siano state formate a trazione di quella maggioranza di governo della citt\u00e0 quando su 32 elementi ve ne erano gi\u00e0 dal primo giorno ben 23!&#8221; <\/p>\n\n\n\n<p>&#8220;Ma col quadro politico che si \u00e8 sovvertito in questi pi\u00f9 di 30 mesi di mandato con il numero di consiglieri che sostengono l\u2019Amministrazione Basile ridotto a 13 unit\u00e0 \u2013 proseguono gli esponenti di FdI \u2013 non si pu\u00f2 non pensare di dare una nuova linfa politica nella conduzione delle Commissioni, anche perch\u00e9 abbiamo potuto registrare da parte di qualche presidente la non troppa imparzialit\u00e0 che il ruolo invece dovrebbe imporre&#8221;. <\/p>\n\n\n\n<p>&#8220;Precisiamo che questa nostra presa di posizione \u2013 aggiungono i tre consiglieri \u2013 non presuppone alcuna nostra velleit\u00e0 o ambizione di assumere ruoli negli uffici di presidenza delle Commissioni, ma soltanto la nostra ferma intenzione di far lavorare di pi\u00f9 e meglio alcune di esse che, a nostro avviso, esercitano la loro attivit\u00e0 col freno a mano tirato, nonostante gli importanti argomenti da trattare nell\u2019interesse della cittadinanza ed i ripetuti solleciti da parte del nostro gruppo consiliare&#8221;. <\/p>\n\n\n\n<p>&#8220;Pertanto \u2013 concludono Gioveni, Curr\u00f2 e Carbone \u2013 rimettendo alla valutazione di tutti i gruppi e dello stesso Presidente del Consiglio Pergolizzi questa nostra proposta politica da discutere in una conferenza dei capigruppo, ci aspettiamo che, come ama spesso dire il leader dei 13 colleghi della maggioranza, venga fatto anche per le Commissioni, come avvenuto in parte nei CdA e in Giunta, il classico tagliando di met\u00e0 mandato&#8221;.<\/p>\n","protected":false},"excerpt":{"rendered":"<p>I consiglieri comunali di Fratelli d\u2019Italia Libero Gioveni, Pasquale Curr\u00f2 e Dario Carbone, anche alla luce delle nuove dinamiche che nel corso di questi due anni e mezzo sono mutate nella geografia politica dell\u2019Aula, affermano: \u201cA poco pi\u00f9 di met\u00e0 mandato amministrativo, riteniamo sia opportuno e produttivo rivedere tutte le presidenze delle Commissioni consiliari del [&hellip;]<\/p>\n","protected":false},"author":15,"featured_media":121373,"comment_status":"open","ping_status":"open","sticky":false,"template":"","format":"standard","meta":{"ub_ctt_via":"","_mi_skip_tracking":false},"categories":[4,6],"tags":[11353,46,3756,1526,740],"featured_image_src":"https:\/\/www.messinaoggi.it\/website\/wp-content\/uploads\/2022\/09\/Libero-Gioveni-Dario-Carbone-e-Pasquale-Curro-foto-gruppo-FdI.jpg","author_info":{"display_name":"red.me","author_link":"https:\/\/www.messinaoggi.it\/website\/author\/red-me\/"},"digistream_id":0,"digistream":false,"_links":{"self":[{"href":"https:\/\/www.messinaoggi.it\/website\/wp-json\/wp\/v2\/posts\/229531"}],"collection":[{"href":"https:\/\/www.messinaoggi.it\/website\/wp-json\/wp\/v2\/posts"}],"about":[{"href":"https:\/\/www.messinaoggi.it\/website\/wp-json\/wp\/v2\/types\/post"}],"author":[{"embeddable":true,"href":"https:\/\/www.messinaoggi.it\/website\/wp-json\/wp\/v2\/users\/15"}],"replies":[{"embeddable":true,"href":"https:\/\/www.messinaoggi.it\/website\/wp-json\/wp\/v2\/comments?post=229531"}],"version-history":[{"count":2,"href":"https:\/\/www.messinaoggi.it\/website\/wp-json\/wp\/v2\/posts\/229531\/revisions"}],"predecessor-version":[{"id":229533,"href":"https:\/\/www.messinaoggi.it\/website\/wp-json\/wp\/v2\/posts\/229531\/revisions\/229533"}],"wp:featuredmedia":[{"embeddable":true,"href":"https:\/\/www.messinaoggi.it\/website\/wp-json\/wp\/v2\/media\/121373"}],"wp:attachment":[{"href":"https:\/\/www.messinaoggi.it\/website\/wp-json\/wp\/v2\/media?parent=229531"}],"wp:term":[{"taxonomy":"category","embeddable":true,"href":"https:\/\/www.messinaoggi.it\/website\/wp-json\/wp\/v2\/categories?post=229531"},{"taxonomy":"post_tag","embeddable":true,"href":"https:\/\/www.messinaoggi.it\/website\/wp-json\/wp\/v2\/tags?post=229531"}],"curies":[{"name":"wp","href":"https:\/\/api.w.org\/{rel}","templated":true}]}}