{"id":229527,"date":"2025-02-24T10:13:17","date_gmt":"2025-02-24T09:13:17","guid":{"rendered":"http:\/\/www.messinaoggi.it\/website\/?p=229527"},"modified":"2025-02-24T10:13:18","modified_gmt":"2025-02-24T09:13:18","slug":"atm-approda-a-villafranca-prolungate-tre-linee-di-bus","status":"publish","type":"post","link":"https:\/\/www.messinaoggi.it\/website\/2025\/02\/24\/atm-approda-a-villafranca-prolungate-tre-linee-di-bus\/","title":{"rendered":"Atm approda a Villafranca, prolungate tre linee di bus"},"content":{"rendered":"\n<p>Grazie alla legge regionale n. 3 del 2024, a partire dal 1\u00b0 marzo, sar\u00e0 prolungato il percorso di alcune linee di autobus che attualmente fanno capolinea a Ponte Gallo.<div id=\"div-gpt-ad-Messinaoggi.it-DSK-300x250-corpoart\" style=\"text-align:center;margin:0 auto;\"><\/div><\/p>\n\n\n\n<p>Novit\u00e0 importante per gli abitanti della zona tirrenica, che quotidianamente devono raggiungere il centro di Messina e poi fare ritorno a casa. <div id=\"videoincontent\" style=\"clear:both\";><\/div><\/p>\n\n\n\n<p>In virt\u00f9 di quanto disposto dalla legge regionale n. 3 del 2024, che consente alle Aziende di trasporto pubblico locale di prolungare le singole tratte nei comuni limitrofi classificati dalla Regione come turistici, a partire dal 1\u00b0 marzo, ATM prolungher\u00e0 il percorso di alcune linee che attualmente fanno capolinea a Ponte Gallo fino a Villafranca Tirrena. Nello specifico, il progetto dell\u2019Azienda Trasporti di Messina prevede il prolungamento delle linee 32 (Ponte Gallo \u2013 Mortelle \u2013 Museo), 33 (Ponte Gallo via A20) 33Bis (Ponte Gallo \u2013 Papardo via A20), che transiteranno sulla S.S. 113, con varie fermate lungo il tragitto, e faranno capolinea in via Leonardo Sciascia. <\/p>\n\n\n\n<p>La modifica \u00e8 stata resa possibile grazie all\u2019accordo tra il Comune di Messina, il Comune di Villafranca e l\u2019Azienda Trasporti di Messina e all\u2019ottenimento di tutte le autorizzazioni necessarie a far transitare i bus di ATM in un territorio diverso da quello messinese. Le linee 32 e 33bis sono attualmente soggette ad alcune limitazioni, dovute alla chiusura della S.S. 113 nel tratto compreso tra Ponte Mella e il bivio di contrada Corridore in localit\u00e0 San Saba e, dunque, le variazioni entreranno a regime non appena il suddetto tratto della Strada Statale 113 torner\u00e0 ad essere transitabile.<\/p>\n\n\n\n<p>&#8220;Siamo felici di poter annunciare questa rivoluzione nel servizio di trasporto pubblico locale, resa possibile grazie ad un disegno di legge presentato da Sud chiama Nord e approvato dall\u2019Ars lo scorso anno. Dal primo marzo, le tante persone che ogni giorno si spostano dalla zona tirrenica per venire a lavorare o a studiare a Messina, potranno adesso viaggiare sugli autobus di Atm. \u00c8 un risultato straordinario, frutto di una proficua collaborazione con il Comune di Villafranca e della costante e fruttuosa sinergia con il management di Atm. Lavoriamo ogni giorno per rendere il servizio di tpl sempre pi\u00f9 efficiente, moderno e sostenibile&#8221;, dichiara il sindaco di Messina <strong>Federico Basile<\/strong>.<\/p>\n\n\n\n<p>&#8220;Grazie al lavoro di questi anni e alla sinergia tra Comune e Azienda Trasporti, oggi abbiamo la possibilit\u00e0 di creare un collegamento diretto tra la nostra citt\u00e0 e Villafranca, andando ad offrire un servizio non solo efficiente ma anche economicamente vantaggioso a tutta la popolazione della zona tirrenica&#8221;, aggiunge il vicesindaco <strong>Salvatore Mondello<\/strong>.<\/p>\n\n\n\n<p>&#8220;Guidiamo il cambiamento \u00e8 lo slogan che ci accompagna sin dal 2020 e ritengo che i risultati raggiunti in questi anni dimostrino come, grazie all\u2019impegno profuso, siamo riusciti a tramutare le parole in fatti concreti. Prolungare il percorso di alcune linee da Ponte Gallo a Villafranca \u00e8 una modifica tutt\u2019altro che banale, visto che entreremo in un territorio comunale diverso da quello messinese, ma ATM, in accordo con il Comune di Messina, ha profuso il massimo impegno per introdurre questa importante novit\u00e0 nel servizio di Tpl. La popolazione della zona tirrenica adesso potr\u00e0 raggiungere la nostra citt\u00e0 ancora pi\u00f9 agevolmente. L\u2019offerta di ATM cresce e migliora costantemente\u201d, cos\u00ec si \u00e8 espressa la presidente di ATM, <strong>Carla Grillo<\/strong>.<\/p>\n","protected":false},"excerpt":{"rendered":"<p>Grazie alla legge regionale n. 3 del 2024, a partire dal 1\u00b0 marzo, sar\u00e0 prolungato il percorso di alcune linee di autobus che attualmente fanno capolinea a Ponte Gallo. Novit\u00e0 importante per gli abitanti della zona tirrenica, che quotidianamente devono raggiungere il centro di Messina e poi fare ritorno a casa. In virt\u00f9 di quanto [&hellip;]<\/p>\n","protected":false},"author":15,"featured_media":40505,"comment_status":"open","ping_status":"open","sticky":false,"template":"","format":"standard","meta":{"ub_ctt_via":"","_mi_skip_tracking":false},"categories":[5,6],"tags":[2092,10809,2972,2406,4312],"featured_image_src":"https:\/\/www.messinaoggi.it\/website\/wp-content\/uploads\/2020\/02\/bus-atm.jpg","author_info":{"display_name":"red.me","author_link":"https:\/\/www.messinaoggi.it\/website\/author\/red-me\/"},"digistream_id":0,"digistream":false,"_links":{"self":[{"href":"https:\/\/www.messinaoggi.it\/website\/wp-json\/wp\/v2\/posts\/229527"}],"collection":[{"href":"https:\/\/www.messinaoggi.it\/website\/wp-json\/wp\/v2\/posts"}],"about":[{"href":"https:\/\/www.messinaoggi.it\/website\/wp-json\/wp\/v2\/types\/post"}],"author":[{"embeddable":true,"href":"https:\/\/www.messinaoggi.it\/website\/wp-json\/wp\/v2\/users\/15"}],"replies":[{"embeddable":true,"href":"https:\/\/www.messinaoggi.it\/website\/wp-json\/wp\/v2\/comments?post=229527"}],"version-history":[{"count":3,"href":"https:\/\/www.messinaoggi.it\/website\/wp-json\/wp\/v2\/posts\/229527\/revisions"}],"predecessor-version":[{"id":229530,"href":"https:\/\/www.messinaoggi.it\/website\/wp-json\/wp\/v2\/posts\/229527\/revisions\/229530"}],"wp:featuredmedia":[{"embeddable":true,"href":"https:\/\/www.messinaoggi.it\/website\/wp-json\/wp\/v2\/media\/40505"}],"wp:attachment":[{"href":"https:\/\/www.messinaoggi.it\/website\/wp-json\/wp\/v2\/media?parent=229527"}],"wp:term":[{"taxonomy":"category","embeddable":true,"href":"https:\/\/www.messinaoggi.it\/website\/wp-json\/wp\/v2\/categories?post=229527"},{"taxonomy":"post_tag","embeddable":true,"href":"https:\/\/www.messinaoggi.it\/website\/wp-json\/wp\/v2\/tags?post=229527"}],"curies":[{"name":"wp","href":"https:\/\/api.w.org\/{rel}","templated":true}]}}