{"id":229467,"date":"2025-02-22T19:05:49","date_gmt":"2025-02-22T18:05:49","guid":{"rendered":"https:\/\/www.messinaoggi.it\/website\/2025\/02\/22\/autonomia-calderoli-alcune-funzioni-trasferite-entro-fine-anno\/"},"modified":"2025-02-22T19:05:49","modified_gmt":"2025-02-22T18:05:49","slug":"autonomia-calderoli-alcune-funzioni-trasferite-entro-fine-anno","status":"publish","type":"post","link":"https:\/\/www.messinaoggi.it\/website\/2025\/02\/22\/autonomia-calderoli-alcune-funzioni-trasferite-entro-fine-anno\/","title":{"rendered":"Autonomia, Calderoli \u201cAlcune funzioni trasferite entro fine anno\u201d"},"content":{"rendered":"<div>ROMA (ITALPRESS) &#8211; &#8220;Parlando di autonomia, io devo dire che non mi sono mai fermato. Nel momento in cui la Corte Costituzionale ha dichiarato che la legge \u00e8 costituzionalmente legittima, seppur magari leggermente ridimensionata, e nonostante qualcuno che anche dalle mie parti ha cercato di farla passare come un brodino caldo, evidentemente non \u00e8 cos\u00ec, altrimenti la Corte non sarebbe intervenuta&#8221;. Cos\u00ec su Facebook il ministro per gli Affari Regionali e le Autonomie, Roberto Calderoli.<br \/>&#8220;Ho delle indicazioni, dei &#8220;paletti&#8221; da rispettare, ma penso che alcune funzioni potranno essere gi\u00e0 trasferite entro la fine dell&#8217;anno. E poi tra i temi bisogner\u00e0 affrontare anche quello della sanit\u00e0, che \u00e8 il diritto civile e sociale principale del nostro Paese&#8221;, prosegue.<div id=\"div-gpt-ad-Messinaoggi.it-DSK-300x250-corpoart\" style=\"text-align:center;margin:0 auto;\"><\/div><\/p>\n<p>&#8211; Foto IPA Agency &#8211;<div id=\"videoincontent\" style=\"clear:both\";><\/div><\/p>\n<p>(ITALPRESS).<\/p><\/div>\n","protected":false},"excerpt":{"rendered":"<p>ROMA (ITALPRESS) &#8211; &#8220;Parlando di autonomia, io devo dire che non mi sono mai fermato. Nel momento in cui la Corte Costituzionale ha dichiarato che la legge \u00e8 costituzionalmente legittima, seppur magari leggermente ridimensionata, e nonostante qualcuno che anche dalle mie parti ha cercato di farla passare come un brodino caldo, evidentemente non \u00e8 cos\u00ec, [&hellip;]<\/p>\n","protected":false},"author":18,"featured_media":229468,"comment_status":"closed","ping_status":"closed","sticky":false,"template":"","format":"standard","meta":{"ub_ctt_via":"","_mi_skip_tracking":false},"categories":[446],"tags":[783],"featured_image_src":"https:\/\/www.messinaoggi.it\/website\/wp-content\/uploads\/2025\/02\/20250222_1253.jpg","author_info":{"display_name":"Admin","author_link":"https:\/\/www.messinaoggi.it\/website\/author\/admin\/"},"digistream_id":0,"digistream":false,"_links":{"self":[{"href":"https:\/\/www.messinaoggi.it\/website\/wp-json\/wp\/v2\/posts\/229467"}],"collection":[{"href":"https:\/\/www.messinaoggi.it\/website\/wp-json\/wp\/v2\/posts"}],"about":[{"href":"https:\/\/www.messinaoggi.it\/website\/wp-json\/wp\/v2\/types\/post"}],"author":[{"embeddable":true,"href":"https:\/\/www.messinaoggi.it\/website\/wp-json\/wp\/v2\/users\/18"}],"replies":[{"embeddable":true,"href":"https:\/\/www.messinaoggi.it\/website\/wp-json\/wp\/v2\/comments?post=229467"}],"version-history":[{"count":0,"href":"https:\/\/www.messinaoggi.it\/website\/wp-json\/wp\/v2\/posts\/229467\/revisions"}],"wp:featuredmedia":[{"embeddable":true,"href":"https:\/\/www.messinaoggi.it\/website\/wp-json\/wp\/v2\/media\/229468"}],"wp:attachment":[{"href":"https:\/\/www.messinaoggi.it\/website\/wp-json\/wp\/v2\/media?parent=229467"}],"wp:term":[{"taxonomy":"category","embeddable":true,"href":"https:\/\/www.messinaoggi.it\/website\/wp-json\/wp\/v2\/categories?post=229467"},{"taxonomy":"post_tag","embeddable":true,"href":"https:\/\/www.messinaoggi.it\/website\/wp-json\/wp\/v2\/tags?post=229467"}],"curies":[{"name":"wp","href":"https:\/\/api.w.org\/{rel}","templated":true}]}}