{"id":229463,"date":"2025-02-22T19:05:46","date_gmt":"2025-02-22T18:05:46","guid":{"rendered":"https:\/\/www.messinaoggi.it\/website\/2025\/02\/22\/lucio-corsi-rappresentera-litalia-alleurovision-song-contest-2025\/"},"modified":"2025-02-22T19:05:46","modified_gmt":"2025-02-22T18:05:46","slug":"lucio-corsi-rappresentera-litalia-alleurovision-song-contest-2025","status":"publish","type":"post","link":"https:\/\/www.messinaoggi.it\/website\/2025\/02\/22\/lucio-corsi-rappresentera-litalia-alleurovision-song-contest-2025\/","title":{"rendered":"Lucio Corsi rappresenter\u00e0 l\u2019Italia all\u2019Eurovision Song Contest 2025"},"content":{"rendered":"<div>ROMA (ITALPRESS) &#8211; Sar\u00e0 Lucio Corsi, arrivato secondo nella 75sima edizione del Festival della Canzone Italiana di Sanremo, a rappresentare l&#8217;Italia a Basilea durante Eurovision Song Contest 2025. Il contest internazionale che vede in gara 37 nazioni, di cui 5 big five, tra cui proprio l&#8217;Italia, prevede 2 semifinali, in onda il 13 e il 15 maggio su Rai 2, e la cosiddetta Grand Final, in cui si esibir\u00e0 l&#8217;artista italiano con il brano &#8220;Volevo essere un duro&#8221;, in onda su Rai 1, Raiplay e Rai Radio2 il 17 maggio.<br \/>Rai, nel ringraziare il vincitore della 75sima edizione del Festival di Sanremo e augurare a Olly una lunga e brillante carriera da musicista, si complimenta con Lucio Corsi che ha accettato di rappresentare il nostro Paese alla 69sima edizione di ESC. <br \/>Quella di Basilea sar\u00e0 la 50^ edizione dell&#8217;Eurovision a cui prender\u00e0 parte l&#8217;Italia: il motivo che Lucio Corsi porter\u00e0 in concorso sar\u00e0 per\u00f2 la canzone numero 52 di un&#8217;ipotetica playlist eurovisiva azzurra. Nel 1956, infatti, ogni paese port\u00f2 in gara due canzoni, mentre alla lista dobbiamo aggiungere Fai rumore di Diodato, la canzone italiana pronta per l&#8217;Eurovision di Rotterdam 2020, poi cancellato.<br \/>Lucio Corsi si esibir\u00e0 fuori concorso alla St.Jakobshalle di Basilea durante la prima semifinale, marted\u00ec 13 maggio, per poi competere il sabato 17 maggio con gli altri 25 finalisti.<br \/>Altri italiani potrebbero arrivare dalla selezione internazionale del San Marino Song Contest che si terr\u00e0 nella Repubblica l&#8217;8 di marzo, in diretta tv su Raiplay e in simulcast su Rai Radio2.<div id=\"div-gpt-ad-Messinaoggi.it-DSK-300x250-corpoart\" style=\"text-align:center;margin:0 auto;\"><\/div><\/p>\n<p>&#8211; Foto IPA Agency &#8211;<div id=\"videoincontent\" style=\"clear:both\";><\/div><\/p>\n<p>(ITALPRESS).<\/p><\/div>\n","protected":false},"excerpt":{"rendered":"<p>ROMA (ITALPRESS) &#8211; Sar\u00e0 Lucio Corsi, arrivato secondo nella 75sima edizione del Festival della Canzone Italiana di Sanremo, a rappresentare l&#8217;Italia a Basilea durante Eurovision Song Contest 2025. Il contest internazionale che vede in gara 37 nazioni, di cui 5 big five, tra cui proprio l&#8217;Italia, prevede 2 semifinali, in onda il 13 e il [&hellip;]<\/p>\n","protected":false},"author":18,"featured_media":229464,"comment_status":"closed","ping_status":"closed","sticky":false,"template":"","format":"standard","meta":{"ub_ctt_via":"","_mi_skip_tracking":false},"categories":[446],"tags":[783],"featured_image_src":"https:\/\/www.messinaoggi.it\/website\/wp-content\/uploads\/2025\/02\/20250222_1195.jpg","author_info":{"display_name":"Admin","author_link":"https:\/\/www.messinaoggi.it\/website\/author\/admin\/"},"digistream_id":0,"digistream":false,"_links":{"self":[{"href":"https:\/\/www.messinaoggi.it\/website\/wp-json\/wp\/v2\/posts\/229463"}],"collection":[{"href":"https:\/\/www.messinaoggi.it\/website\/wp-json\/wp\/v2\/posts"}],"about":[{"href":"https:\/\/www.messinaoggi.it\/website\/wp-json\/wp\/v2\/types\/post"}],"author":[{"embeddable":true,"href":"https:\/\/www.messinaoggi.it\/website\/wp-json\/wp\/v2\/users\/18"}],"replies":[{"embeddable":true,"href":"https:\/\/www.messinaoggi.it\/website\/wp-json\/wp\/v2\/comments?post=229463"}],"version-history":[{"count":0,"href":"https:\/\/www.messinaoggi.it\/website\/wp-json\/wp\/v2\/posts\/229463\/revisions"}],"wp:featuredmedia":[{"embeddable":true,"href":"https:\/\/www.messinaoggi.it\/website\/wp-json\/wp\/v2\/media\/229464"}],"wp:attachment":[{"href":"https:\/\/www.messinaoggi.it\/website\/wp-json\/wp\/v2\/media?parent=229463"}],"wp:term":[{"taxonomy":"category","embeddable":true,"href":"https:\/\/www.messinaoggi.it\/website\/wp-json\/wp\/v2\/categories?post=229463"},{"taxonomy":"post_tag","embeddable":true,"href":"https:\/\/www.messinaoggi.it\/website\/wp-json\/wp\/v2\/tags?post=229463"}],"curies":[{"name":"wp","href":"https:\/\/api.w.org\/{rel}","templated":true}]}}