{"id":229461,"date":"2025-02-22T19:05:44","date_gmt":"2025-02-22T18:05:44","guid":{"rendered":"https:\/\/www.messinaoggi.it\/website\/2025\/02\/22\/gasperini-non-volevo-offendere-lookman-non-ci-saranno-rinnovi\/"},"modified":"2025-02-22T19:05:44","modified_gmt":"2025-02-22T18:05:44","slug":"gasperini-non-volevo-offendere-lookman-non-ci-saranno-rinnovi","status":"publish","type":"post","link":"https:\/\/www.messinaoggi.it\/website\/2025\/02\/22\/gasperini-non-volevo-offendere-lookman-non-ci-saranno-rinnovi\/","title":{"rendered":"Gasperini \u201cNon volevo offendere Lookman, non ci saranno rinnovi\u201d"},"content":{"rendered":"<div>BERGAMO (ITALPRESS) &#8211; &#8220;Lookman? Ha avuto un impatto straordinario sulla partita, la mia non voleva essere una frase offensiva. Ieri abbiamo avuto in Udinese-Lecce quello che poteva essere un teatrino in mondovisione, per fortuna ci sono stati ragazzi che hanno lasciato perdere. Pu\u00f2 diventare un rigorista, sarebbe una capacit\u00e0 realizzativa ulteriore. Ho quasi la sensazione che ci sia la volont\u00e0 che l&#8217;Atalanta venga descritta che sia cos\u00ec, tutto per aria, ma la realt\u00e0 \u00e8 un p\u00f2 diversa. Parlo sempre di fronte a tutta la squadra, \u00e8 una cosa che non ha mai sfiorato la societ\u00e0. Si \u00e8 sentito offeso, ma non volevo offendere nessuno&#8221;. Lo ha dichiarato il tecnico dell&#8217;Atalanta, Gian Piero Gasperini, in conferenza stampa in merito al botta e risposta avvenuto tra il tecnico e l&#8217;attaccante nigeriano dopo il rigore sbagliato e la conseguente eliminazione dalla Champions League, per mano del Bruges. Alla vigilia del match di Empoli (&#8220;Dobbiamo dare il massimo contro una buona squadra che lotta per la salvezza&#8221;), Gasperini parla del suo futuro e le sue sono parole importanti: &#8220;Giustamente, come \u00e8 stato detto, in tutte le cose c&#8217;\u00e8 un inizio e una fine, vedremo a fine anno se andare a scadenza (2026) o se interrompere gi\u00e0 al termine di questa stagione. Non ci saranno ulteriori rinnovi dopo questo&#8221;, ha concluso il tecnico dell&#8217;Atalanta. <br \/>&#8211; Foto Ipa Agency &#8211;<br \/>(ITALPRESS)<\/div>\n<div id=\"div-gpt-ad-Messinaoggi.it-DSK-300x250-corpoart\" style=\"text-align:center;margin:0 auto;\"><\/div><\/p><div id=\"videoincontent\" style=\"clear:both\";><\/div>","protected":false},"excerpt":{"rendered":"<p>BERGAMO (ITALPRESS) &#8211; &#8220;Lookman? Ha avuto un impatto straordinario sulla partita, la mia non voleva essere una frase offensiva. Ieri abbiamo avuto in Udinese-Lecce quello che poteva essere un teatrino in mondovisione, per fortuna ci sono stati ragazzi che hanno lasciato perdere. Pu\u00f2 diventare un rigorista, sarebbe una capacit\u00e0 realizzativa ulteriore. Ho quasi la sensazione [&hellip;]<\/p>\n","protected":false},"author":18,"featured_media":229462,"comment_status":"closed","ping_status":"closed","sticky":false,"template":"","format":"standard","meta":{"ub_ctt_via":"","_mi_skip_tracking":false},"categories":[446],"tags":[783],"featured_image_src":"https:\/\/www.messinaoggi.it\/website\/wp-content\/uploads\/2025\/02\/20250222_1155.jpg","author_info":{"display_name":"Admin","author_link":"https:\/\/www.messinaoggi.it\/website\/author\/admin\/"},"digistream_id":0,"digistream":false,"_links":{"self":[{"href":"https:\/\/www.messinaoggi.it\/website\/wp-json\/wp\/v2\/posts\/229461"}],"collection":[{"href":"https:\/\/www.messinaoggi.it\/website\/wp-json\/wp\/v2\/posts"}],"about":[{"href":"https:\/\/www.messinaoggi.it\/website\/wp-json\/wp\/v2\/types\/post"}],"author":[{"embeddable":true,"href":"https:\/\/www.messinaoggi.it\/website\/wp-json\/wp\/v2\/users\/18"}],"replies":[{"embeddable":true,"href":"https:\/\/www.messinaoggi.it\/website\/wp-json\/wp\/v2\/comments?post=229461"}],"version-history":[{"count":0,"href":"https:\/\/www.messinaoggi.it\/website\/wp-json\/wp\/v2\/posts\/229461\/revisions"}],"wp:featuredmedia":[{"embeddable":true,"href":"https:\/\/www.messinaoggi.it\/website\/wp-json\/wp\/v2\/media\/229462"}],"wp:attachment":[{"href":"https:\/\/www.messinaoggi.it\/website\/wp-json\/wp\/v2\/media?parent=229461"}],"wp:term":[{"taxonomy":"category","embeddable":true,"href":"https:\/\/www.messinaoggi.it\/website\/wp-json\/wp\/v2\/categories?post=229461"},{"taxonomy":"post_tag","embeddable":true,"href":"https:\/\/www.messinaoggi.it\/website\/wp-json\/wp\/v2\/tags?post=229461"}],"curies":[{"name":"wp","href":"https:\/\/api.w.org\/{rel}","templated":true}]}}