{"id":22946,"date":"2018-08-05T09:40:24","date_gmt":"2018-08-05T07:40:24","guid":{"rendered":"http:\/\/www.messinaoggi.it\/website\/?p=22946"},"modified":"2018-08-05T09:40:24","modified_gmt":"2018-08-05T07:40:24","slug":"strategie-incontro-tra-amministrazione-e-sindacati-che-litigano","status":"publish","type":"post","link":"https:\/\/www.messinaoggi.it\/website\/2018\/08\/05\/strategie-incontro-tra-amministrazione-e-sindacati-che-litigano\/","title":{"rendered":"Strategie, incontro tra amministrazione e sindacati (che litigano)"},"content":{"rendered":"<p style=\"text-align: justify\">Si \u00e8 tenuto nella giornata di ieri l\u2019incontro fra le confederazioni sindacali e il sindaco De Luca, per la \u0093presentazione dei punti strategici dell\u2019amministrazione comunale. Al tavolo hanno preso parte la CISAL con i segretari Santino Paladino, Giuseppe Montalto, Piero Fotia e Giovanna Sciuto; l\u2019OR.SA. rappresentata da Mariano Massaro, Luigi Sturniolo e Carmela Calabr\u00f3; la CONFSAL rappresentata da Giuseppe De Leo e la UGL con i segretari Antonino Sciotto e Antonino Solano. Questo primo incontro \u00e8 servito per avviare un confronto conoscitivo tra le parti, dopo avere premesso che la situazione contabile del Comune non \u00e8 ancora chiara perch\u00e9 i dati effettivi delle disponibilit\u00e0 economiche e dei debiti e crediti non sono stati ancora forniti dai vari dipartimenti.<div id=\"div-gpt-ad-Messinaoggi.it-DSK-300x250-corpoart\" style=\"text-align:center;margin:0 auto;\"><\/div><\/p>\n<p style=\"text-align: justify\">Per questa la ragione, il primo incontro con i Sindacati era stata inizialmente fissato per il 3 settembre, perch\u00e9 durante la prossima settimana abbiamo programmato con il Ragioniere Centrale un fitto calendario di incontri insieme alla Giunta per studiare analiticamente tutto il bilancio comunale. In attesa di potere parlare con numeri alla mano, sabato mattina l\u2019amministrazione si \u00e8 confrontata con i Sindacati sui temi generali, dando risalto alla questione dell\u2019efficienza dei servizi, della vivibilit\u00e0 della citt\u00e0 e della redditivit\u00e0 delle prestazioni rese dal personale dipendente, finalizzate al migliore utilizzo ed al contenimento della spesa pubblica. \u00c8 stato anche chiarito che se non si riesce a porre in essere una drastica azione di riduzione della spesa corrente, il Comune non potr\u00e0 salvarsi dalla dichiarazione di dissesto, ed \u00e8 questa la ragione per la quale vanno eliminati tutti i costi dei servizi che, negli anni, sono stati esternalizzati spesso duplicando i servizi gi\u00e0 esistenti. Si \u00e8 affrontato anche il tema delle partecipate, sulle quali con piacere abbiamo riscontrato che anche i Sindacati presenti riconoscono l\u2019esistenza di criticit\u00e0 dovute a pregresse gestioni che hanno consentito che il debito lievitasse nella convinzione che qualcuno avrebbe comunque pagato. Al termine di questo incontro \u00e8 stato confermato il ruolo attivo, di vigile critica, che i Sindacati sono demandati a svolgere, precisando che questa Amministrazione apprezza tale ruolo, che costringe ognuno a restare vigile ed attento a non valicare i limiti di legge e di buon senso.<div id=\"videoincontent\" style=\"clear:both\";><\/div><\/p>\n<p style=\"text-align: justify\">\u00c8 stato poi confermato che i tavoli di confronto coinvolgeranno sempre tutti i Sindacati, perch\u00e9 non riteniamo che ci siamo Sindacati pi\u00f9 meritevoli di altri. Ed anzi, al riguardo, non si condivide la posizione dei tre Sindacati confederati CGIL, CISL e UIL i cui segretari hanno abbandonato l\u2019incontro ritenendo di non potere tollerare che il Sindaco fosse in ritardo, pur conoscendo bene il programma del giorno, e dichiarando agli Assessori Musolino e Minutoli, intervenuti in mia rappresentanza per avviare il confronto, che non intendevo interloquire con loro. Mi dispiace ma simili atteggiamenti non sono consentiti a nessuno. L\u2019agenda del Sindaco viene pubblicata ogni mattina per consentire a tutti di conoscere gli impegni quotidiani, e nessuno pu\u00f2 sentirsi offeso se il Sindaco viene trattenuto ad un impegno, oltre l\u2019orario previsto, per svolgere il suo ruolo. Oltretutto gli assessori Minutoli e Musolino erano stati incaricati da me di rappresentare il Sindaco, e non vi era ragione per rifiutarsi di parlare con loro. Con i Sindacati presenti abbiamo infine concluso decidendo di rinviare al prossimo incontro di settembre l\u2019esame approfondito dei servizi e della disponibilit\u00e0 economiche del Comune, in un\u2019ottica di reciproco e proficuo confronto.<\/p>\n<p style=\"text-align: justify\">Proprio su questo punto, arriva il piccato comunicato congiunto dei sindacati presenti: \u201cIl sindaco \u00e8 giunto puntuale all\u0092incontro con le confederazioni autonome fissato per le 11,30 e dopo una breve introduzione degli assessori Dafne Musolino e Massimiliano Minutoli, ha esposto un quadro generale dei punti che la Giunta Comunale dovr\u00e0 affrontare in fede al programma presentato alla citt\u00e0 in campagna elettorale. Per stessa ammissione di De Luca non \u00e8 ancora chiaro il dettagliato dei bilanci del palazzo municipale e delle partecipate ma la prima valutazione dei numeri non lascerebbe spazio all\u0092ottimismo. Particolare attenzione \u00e8 stata rivolta all\u0092ATM, abbastanza lontana dal risanamento che secondo la giunta Accorinti era quasi cosa fatta. Secondo De Luca le partecipate e l\u0092intera macchina comunale producono sprechi significativi per l\u0092errata utilizzazione del personale, l\u0092intenzione del governo municipale \u00e8 di far rientrare i dipendenti all\u0092interno delle mansioni per cui sono stati assunti (i pulitori facciano i pulitori, gli autisti facciano gli autisti) con l\u0092obiettivo di internalizzare le lavorazioni oggi affidate a imprese esterne. Il secondo obiettivo \u00e8 quello della mobilit\u00e0 interna e in ultimo la riqualificazione\/ricollocazione del personale in esubero nelle qualifiche ove si lamenta carenza. UGL-CONFSAL-CISAL e OR.S.A hanno dichiarato di non temere i programmi di cambiamento purch\u00e9 non sfocino nella compressione dei livelli occupazionali e mantengano come principio prioritario il rispetto della dignit\u00e0 dei lavoratori\u201d.<\/p>\n","protected":false},"excerpt":{"rendered":"<p>Si \u00e8 tenuto nella giornata di ieri l\u2019incontro fra le confederazioni sindacali e il sindaco De Luca, per la \u0093presentazione dei punti strategici dell\u2019amministrazione comunale. Al tavolo hanno preso parte la CISAL con i segretari Santino Paladino, Giuseppe Montalto, Piero Fotia e Giovanna Sciuto; l\u2019OR.SA. rappresentata da Mariano Massaro, Luigi Sturniolo e Carmela Calabr\u00f3; la [&hellip;]<\/p>\n","protected":false},"author":15,"featured_media":22947,"comment_status":"closed","ping_status":"open","sticky":false,"template":"","format":"standard","meta":{"ub_ctt_via":"","_mi_skip_tracking":false},"categories":[6],"tags":[],"featured_image_src":"https:\/\/www.messinaoggi.it\/website\/wp-content\/uploads\/2018\/08\/de-luca-sindacati-1.jpg","author_info":{"display_name":"red.me","author_link":"https:\/\/www.messinaoggi.it\/website\/author\/red-me\/"},"digistream_id":0,"digistream":false,"_links":{"self":[{"href":"https:\/\/www.messinaoggi.it\/website\/wp-json\/wp\/v2\/posts\/22946"}],"collection":[{"href":"https:\/\/www.messinaoggi.it\/website\/wp-json\/wp\/v2\/posts"}],"about":[{"href":"https:\/\/www.messinaoggi.it\/website\/wp-json\/wp\/v2\/types\/post"}],"author":[{"embeddable":true,"href":"https:\/\/www.messinaoggi.it\/website\/wp-json\/wp\/v2\/users\/15"}],"replies":[{"embeddable":true,"href":"https:\/\/www.messinaoggi.it\/website\/wp-json\/wp\/v2\/comments?post=22946"}],"version-history":[{"count":0,"href":"https:\/\/www.messinaoggi.it\/website\/wp-json\/wp\/v2\/posts\/22946\/revisions"}],"wp:featuredmedia":[{"embeddable":true,"href":"https:\/\/www.messinaoggi.it\/website\/wp-json\/wp\/v2\/media\/22947"}],"wp:attachment":[{"href":"https:\/\/www.messinaoggi.it\/website\/wp-json\/wp\/v2\/media?parent=22946"}],"wp:term":[{"taxonomy":"category","embeddable":true,"href":"https:\/\/www.messinaoggi.it\/website\/wp-json\/wp\/v2\/categories?post=22946"},{"taxonomy":"post_tag","embeddable":true,"href":"https:\/\/www.messinaoggi.it\/website\/wp-json\/wp\/v2\/tags?post=22946"}],"curies":[{"name":"wp","href":"https:\/\/api.w.org\/{rel}","templated":true}]}}