{"id":229325,"date":"2025-02-21T09:44:25","date_gmt":"2025-02-21T08:44:25","guid":{"rendered":"http:\/\/www.messinaoggi.it\/website\/?p=229325"},"modified":"2025-02-21T09:44:26","modified_gmt":"2025-02-21T08:44:26","slug":"335-anniversario-dalla-fondazione-della-brigata-aosta-concluse-le-celebrazioni","status":"publish","type":"post","link":"https:\/\/www.messinaoggi.it\/website\/2025\/02\/21\/335-anniversario-dalla-fondazione-della-brigata-aosta-concluse-le-celebrazioni\/","title":{"rendered":"335\u00b0 anniversario dalla fondazione della Brigata \u201cAosta\u201d, concluse le celebrazioni"},"content":{"rendered":"\n<p>Si \u00e8 svolta ieri mattina, presso la Caserma Crisafulli-Zuccarello di Messina, la cerimonia conclusiva delle celebrazioni organizzate in occasione del 335\u00b0 anniversario dalla fondazione della Brigata meccanizzata \u201cAosta\u201d. Presenti il sindaco <strong>Federico Basile<\/strong>, il vicesindaco con delega alle Forze Armate <strong>Salvatore Mondello<\/strong> e le massime autorit\u00e0 civili e militari. <div id=\"div-gpt-ad-Messinaoggi.it-DSK-300x250-corpoart\" style=\"text-align:center;margin:0 auto;\"><\/div><\/p>\n\n\n\n<p>La fitta rete di eventi di questi ultimi giorni ha inteso sottolineare il valore delle attivit\u00e0 dell\u2019Esercito, costantemente impegnato a tutela delle istituzioni e a fianco dei cittadini.La fondazione della Brigata meccanizzata \u201cAosta\u201d risale al 1690, attraverso la fusione di varie componenti del Regio Esercito di Sardegna, del Reggimento dei Fucilieri di Sua Altezza Reale e di Santa Giulia, assumendo nel 1774 la denominazione di Reggimento Aosta.<div id=\"videoincontent\" style=\"clear:both\";><\/div><\/p>\n\n\n\n<p>&#8220;Oggi \u00e8 un giorno importante &#8211; ha dichiarato a margine il sindaco Basile &#8211; che suggella la forte sinergia con questa gloriosa compagine militare, da sempre accanto alla citt\u00e0 nelle pi\u00f9 disparate occasioni, sia di tipo emergenziale che culturale. Messina \u00e8 grata alla Brigata meccanizzata Aosta, presidio di legalit\u00e0 del territorio e punto di riferimento costante per le Istituzioni. Non posso che esprimere, unitamente al vicesindaco Mondello e all\u2019Amministrazione comunale nel suo complesso, il mio pi\u00f9 sentito apprezzamento per le preziose attivit\u00e0 svolte al servizio della nostra Messina&#8221;.<\/p>\n","protected":false},"excerpt":{"rendered":"<p>Si \u00e8 svolta ieri mattina, presso la Caserma Crisafulli-Zuccarello di Messina, la cerimonia conclusiva delle celebrazioni organizzate in occasione del 335\u00b0 anniversario dalla fondazione della Brigata meccanizzata \u201cAosta\u201d. Presenti il sindaco Federico Basile, il vicesindaco con delega alle Forze Armate Salvatore Mondello e le massime autorit\u00e0 civili e militari. La fitta rete di eventi di [&hellip;]<\/p>\n","protected":false},"author":15,"featured_media":229327,"comment_status":"open","ping_status":"open","sticky":false,"template":"","format":"standard","meta":{"ub_ctt_via":"","_mi_skip_tracking":false},"categories":[5,6],"tags":[2570,4751,6226,2972],"featured_image_src":"https:\/\/www.messinaoggi.it\/website\/wp-content\/uploads\/2025\/02\/Brigata-Aosta-4-1.jpg","author_info":{"display_name":"red.me","author_link":"https:\/\/www.messinaoggi.it\/website\/author\/red-me\/"},"digistream_id":0,"digistream":false,"_links":{"self":[{"href":"https:\/\/www.messinaoggi.it\/website\/wp-json\/wp\/v2\/posts\/229325"}],"collection":[{"href":"https:\/\/www.messinaoggi.it\/website\/wp-json\/wp\/v2\/posts"}],"about":[{"href":"https:\/\/www.messinaoggi.it\/website\/wp-json\/wp\/v2\/types\/post"}],"author":[{"embeddable":true,"href":"https:\/\/www.messinaoggi.it\/website\/wp-json\/wp\/v2\/users\/15"}],"replies":[{"embeddable":true,"href":"https:\/\/www.messinaoggi.it\/website\/wp-json\/wp\/v2\/comments?post=229325"}],"version-history":[{"count":1,"href":"https:\/\/www.messinaoggi.it\/website\/wp-json\/wp\/v2\/posts\/229325\/revisions"}],"predecessor-version":[{"id":229326,"href":"https:\/\/www.messinaoggi.it\/website\/wp-json\/wp\/v2\/posts\/229325\/revisions\/229326"}],"wp:featuredmedia":[{"embeddable":true,"href":"https:\/\/www.messinaoggi.it\/website\/wp-json\/wp\/v2\/media\/229327"}],"wp:attachment":[{"href":"https:\/\/www.messinaoggi.it\/website\/wp-json\/wp\/v2\/media?parent=229325"}],"wp:term":[{"taxonomy":"category","embeddable":true,"href":"https:\/\/www.messinaoggi.it\/website\/wp-json\/wp\/v2\/categories?post=229325"},{"taxonomy":"post_tag","embeddable":true,"href":"https:\/\/www.messinaoggi.it\/website\/wp-json\/wp\/v2\/tags?post=229325"}],"curies":[{"name":"wp","href":"https:\/\/api.w.org\/{rel}","templated":true}]}}