{"id":229092,"date":"2025-02-19T10:14:12","date_gmt":"2025-02-19T09:14:12","guid":{"rendered":"http:\/\/www.messinaoggi.it\/website\/?p=229092"},"modified":"2025-02-19T10:14:14","modified_gmt":"2025-02-19T09:14:14","slug":"disagio-abitativo-rete-4-a-messina-con-il-sunia","status":"publish","type":"post","link":"https:\/\/www.messinaoggi.it\/website\/2025\/02\/19\/disagio-abitativo-rete-4-a-messina-con-il-sunia\/","title":{"rendered":"Disagio abitativo, Rete 4 a Messina con il Sunia"},"content":{"rendered":"\n<p>Ieri sera su Rete 4, all&#8217;interno della trasmissione &#8220;E&#8217; sempre Cartabianca&#8221;, \u00e8 andato in onda un servizio che documenta la drammatica situazione abitativa in atto a Messina e nella sua provincia. <div id=\"div-gpt-ad-Messinaoggi.it-DSK-300x250-corpoart\" style=\"text-align:center;margin:0 auto;\"><\/div><\/p>\n\n\n\n<p>Il SUNIA di Messina ha accompagnato la troupe nei luoghi dove il diritto all&#8217;abitare dignitoso \u00e8 una chimera; si \u00e8 data voce a chi ogni giorno \u00e8 costretto a vivere in condizioni disumane.<div id=\"videoincontent\" style=\"clear:both\";><\/div><\/p>\n\n\n\n<p>Tra i tanti, la palazzina A a Camaro San Luigi; un edificio senza luce n\u00e9 ascensore, dove le persone con difficolt\u00e0 motorie e problemi di salute sono ostaggio della propria casa.<\/p>\n\n\n\n<p>A Giostra, isolato 13, le baracche tuttora esistenti testimoniano come il processo di sbaraccamento sia incompleto e quanto, ancora,  ci sia da fare in direzione di un reale risanamento.<\/p>\n\n\n\n<p>Anche a Capo d\u2019Orlando, in via Lucio Piccolo, gli inquilini vivono da anni con la fogna a cielo aperto, che causa una vera e propria emergenza sanitaria.  <\/p>\n\n\n\n<p>&#8220;Abbiamo voluto dare testimonianza &#8211; afferma il Segretario provinciale <strong>Claudio Vallone<\/strong> &#8211; di queste realt\u00e0 per ribadire che il diritto alla casa \u00e8 un diritto irrinunciabile ed incomprimibile. Le persone che vivono in questi luoghi sono spesso dimenticate dalle istituzioni, costrette a vivere in edifici fatiscenti, con impianti inadeguati e spazi degradati. A tal proposito, evidenziamo che abbiamo gi\u00e0 inviato all&#8217;IACP richiesta di un incontro urgente su queste tematiche, e pretendiamo risposte&#8221;.<\/p>\n\n\n\n<p>&#8220;Invitiamo la cittadinanza a seguire il servizio andato in onda ieri sera su Rete 4 che d\u00e0 uno spaccato reale delle condizioni di vita in uno dei quartieri popolari della nostra citt\u00e0 e annunciamo nuove iniziative sui temi del diritto all&#8217;abitare&#8221; conclude.<\/p>\n","protected":false},"excerpt":{"rendered":"<p>Ieri sera su Rete 4, all&#8217;interno della trasmissione &#8220;E&#8217; sempre Cartabianca&#8221;, \u00e8 andato in onda un servizio che documenta la drammatica situazione abitativa in atto a Messina e nella sua provincia. Il SUNIA di Messina ha accompagnato la troupe nei luoghi dove il diritto all&#8217;abitare dignitoso \u00e8 una chimera; si \u00e8 data voce a chi [&hellip;]<\/p>\n","protected":false},"author":15,"featured_media":168369,"comment_status":"open","ping_status":"open","sticky":false,"template":"","format":"standard","meta":{"ub_ctt_via":"","_mi_skip_tracking":false},"categories":[5,6],"tags":[897,9555,11352,8664],"featured_image_src":"https:\/\/www.messinaoggi.it\/website\/wp-content\/uploads\/2023\/09\/contributi-casa.jpg","author_info":{"display_name":"red.me","author_link":"https:\/\/www.messinaoggi.it\/website\/author\/red-me\/"},"digistream_id":0,"digistream":false,"_links":{"self":[{"href":"https:\/\/www.messinaoggi.it\/website\/wp-json\/wp\/v2\/posts\/229092"}],"collection":[{"href":"https:\/\/www.messinaoggi.it\/website\/wp-json\/wp\/v2\/posts"}],"about":[{"href":"https:\/\/www.messinaoggi.it\/website\/wp-json\/wp\/v2\/types\/post"}],"author":[{"embeddable":true,"href":"https:\/\/www.messinaoggi.it\/website\/wp-json\/wp\/v2\/users\/15"}],"replies":[{"embeddable":true,"href":"https:\/\/www.messinaoggi.it\/website\/wp-json\/wp\/v2\/comments?post=229092"}],"version-history":[{"count":2,"href":"https:\/\/www.messinaoggi.it\/website\/wp-json\/wp\/v2\/posts\/229092\/revisions"}],"predecessor-version":[{"id":229094,"href":"https:\/\/www.messinaoggi.it\/website\/wp-json\/wp\/v2\/posts\/229092\/revisions\/229094"}],"wp:featuredmedia":[{"embeddable":true,"href":"https:\/\/www.messinaoggi.it\/website\/wp-json\/wp\/v2\/media\/168369"}],"wp:attachment":[{"href":"https:\/\/www.messinaoggi.it\/website\/wp-json\/wp\/v2\/media?parent=229092"}],"wp:term":[{"taxonomy":"category","embeddable":true,"href":"https:\/\/www.messinaoggi.it\/website\/wp-json\/wp\/v2\/categories?post=229092"},{"taxonomy":"post_tag","embeddable":true,"href":"https:\/\/www.messinaoggi.it\/website\/wp-json\/wp\/v2\/tags?post=229092"}],"curies":[{"name":"wp","href":"https:\/\/api.w.org\/{rel}","templated":true}]}}