{"id":22903,"date":"2018-08-04T06:48:35","date_gmt":"2018-08-04T04:48:35","guid":{"rendered":"http:\/\/www.messinaoggi.it\/website\/?p=22903"},"modified":"2018-08-04T06:48:35","modified_gmt":"2018-08-04T04:48:35","slug":"poca-sicurezza-de-luca-chiude-scuole-in-21-comuni","status":"publish","type":"post","link":"https:\/\/www.messinaoggi.it\/website\/2018\/08\/04\/poca-sicurezza-de-luca-chiude-scuole-in-21-comuni\/","title":{"rendered":"Poca sicurezza, De Luca chiude scuole in 21 Comuni"},"content":{"rendered":"<p style=\"text-align: justify;\">Quella dell\u2019agibilit\u00e0 dei plessi scolastici \u00e8 un problema che si pone con preoccupante frequenza, soprattutto quando l\u2019Anno Scolastico \u00e8 gi\u00e0 iniziato. A quel punto molti alunni si trovano costretti a traslocare in altri plessi, vista la carenza di aule, ma ci\u00f2 non riguarda solo la nostra citt\u00e0, ma l\u2019intero territorio. Il sindaco metropolitano Cateno De Luca per\u00f2 vuole giocare d\u2019anticipo, decretando la chiusura preventiva di tutti gli istituti di secondo grado \u00a0di ben 21 Comuni: Messina, Barcellona Pozzo di Gotto, Caronia, Mistretta, S. Stefano di Camastra, S. Agata Militello, Capo d\u2019Orlando, Tortorici, Brolo, Patti, Milazzo, Castroreale, Lipari, Pace del Mela, Spadafora, Furci Siculo, S. Teresa di Riva, Taormina, Letojanni, Giardini Naxos e Francavilla di Sicilia.<div id=\"div-gpt-ad-Messinaoggi.it-DSK-300x250-corpoart\" style=\"text-align:center;margin:0 auto;\"><\/div><\/p>\n<p style=\"text-align: justify;\">Da giorni, lo stesso De Luca ha denuncia le condizioni precarie degli istituti scolatici, ma non \u00e8 passato molto tempo prima che si sia arrivati ai fatti. Il fine dell\u2019atto \u00e8 quello di &#8220;salvaguardare l\u2019incolumit\u00e0 e la sicurezza di quanti operano e usufruiscono degli immobili fino a quando non verranno adeguati ai requisiti di sicurezza previsti dalla normativa vigente\u201d. Copia dell\u2019ordinanza \u00e8 stata comunicata al presidente della Repubblica, al presidente del Consiglio dei ministri, al ministero della Pubblica istruzione, alla Regione, agli Istituti scolastici superiori ed ai sindaci dei 21 Comuni interessati. Inoltre, l\u2019ordinanza, prevede anche la revoca delle ferie di tutti i dirigenti e funzionari che si occupano di politiche scolastiche. Inoltre, lo stesso De Luca, evidenzia come Comune e Citt\u00e0 Metropolitana d\u2019ora in poi debbano muoversi come se fossero un unico ente, valutando l\u2019interscambio di immobili al fine di sopperire alla carenza di aule, eliminando i fitti passivi che rappresentano un fardello per entrambi gli enti. Da qui il reperimento di nuove risorse da impegnare per il rafforzamento dell\u2019edilizia scolastica.<div id=\"videoincontent\" style=\"clear:both\";><\/div><\/p>\n","protected":false},"excerpt":{"rendered":"<p>Quella dell\u2019agibilit\u00e0 dei plessi scolastici \u00e8 un problema che si pone con preoccupante frequenza, soprattutto quando l\u2019Anno Scolastico \u00e8 gi\u00e0 iniziato. A quel punto molti alunni si trovano costretti a traslocare in altri plessi, vista la carenza di aule, ma ci\u00f2 non riguarda solo la nostra citt\u00e0, ma l\u2019intero territorio. Il sindaco metropolitano Cateno De [&hellip;]<\/p>\n","protected":false},"author":14,"featured_media":22904,"comment_status":"closed","ping_status":"open","sticky":false,"template":"","format":"standard","meta":{"ub_ctt_via":"","_mi_skip_tracking":false},"categories":[6],"tags":[],"featured_image_src":"https:\/\/www.messinaoggi.it\/website\/wp-content\/uploads\/2018\/08\/de-luca-3-1.jpg","author_info":{"display_name":"Antonio Macauda","author_link":"https:\/\/www.messinaoggi.it\/website\/author\/a-macauda\/"},"digistream_id":0,"digistream":false,"_links":{"self":[{"href":"https:\/\/www.messinaoggi.it\/website\/wp-json\/wp\/v2\/posts\/22903"}],"collection":[{"href":"https:\/\/www.messinaoggi.it\/website\/wp-json\/wp\/v2\/posts"}],"about":[{"href":"https:\/\/www.messinaoggi.it\/website\/wp-json\/wp\/v2\/types\/post"}],"author":[{"embeddable":true,"href":"https:\/\/www.messinaoggi.it\/website\/wp-json\/wp\/v2\/users\/14"}],"replies":[{"embeddable":true,"href":"https:\/\/www.messinaoggi.it\/website\/wp-json\/wp\/v2\/comments?post=22903"}],"version-history":[{"count":0,"href":"https:\/\/www.messinaoggi.it\/website\/wp-json\/wp\/v2\/posts\/22903\/revisions"}],"wp:featuredmedia":[{"embeddable":true,"href":"https:\/\/www.messinaoggi.it\/website\/wp-json\/wp\/v2\/media\/22904"}],"wp:attachment":[{"href":"https:\/\/www.messinaoggi.it\/website\/wp-json\/wp\/v2\/media?parent=22903"}],"wp:term":[{"taxonomy":"category","embeddable":true,"href":"https:\/\/www.messinaoggi.it\/website\/wp-json\/wp\/v2\/categories?post=22903"},{"taxonomy":"post_tag","embeddable":true,"href":"https:\/\/www.messinaoggi.it\/website\/wp-json\/wp\/v2\/tags?post=22903"}],"curies":[{"name":"wp","href":"https:\/\/api.w.org\/{rel}","templated":true}]}}