{"id":22901,"date":"2018-08-04T06:53:40","date_gmt":"2018-08-04T04:53:40","guid":{"rendered":"http:\/\/www.messinaoggi.it\/website\/?p=22901"},"modified":"2018-08-04T06:53:40","modified_gmt":"2018-08-04T04:53:40","slug":"derattizzazione-e-deblattizzazione-il-cronoprogramma-ce-si-parte-martedi","status":"publish","type":"post","link":"https:\/\/www.messinaoggi.it\/website\/2018\/08\/04\/derattizzazione-e-deblattizzazione-il-cronoprogramma-ce-si-parte-martedi\/","title":{"rendered":"Derattizzazione e deblattizzazione, il cronoprogramma c&#039;\u00e8: si parte marted\u00ec?"},"content":{"rendered":"<p style=\"text-align: justify\">Oltre 300 interventi in un\u2019area di oltre 2mila metri ciascuno, per un totale di 120mila euro, cifra ereditata dal bilancio di Previsione 2018. Il cronoprogramma per le derattizzazioni e le deblattizzazioni annunciate da Cateno de Luca all\u2019indomani del proprio successo elettorale c\u2019\u00e8, cos\u00ec gi\u00e0 dalla prossima settimana la ditta che si \u00e8 aggiudicata il bando dovrebbe iniziare a lavorare. Nonostante siamo gi\u00e0 ad agosto, in molte, troppe zone della citt\u00e0 si continua a fare i conti con la proliferazione di ratti e blatte, che con le alte temperature di questo periodo fuoriescono dai tombini per riversarsi nelle strade.<div id=\"div-gpt-ad-Messinaoggi.it-DSK-300x250-corpoart\" style=\"text-align:center;margin:0 auto;\"><\/div><\/p>\n<p style=\"text-align: justify\">Un programma di interventi lungo, che ricopre tutte le zone della citt\u00e0, da nord a sud passando per il centro e i villaggi periferici, figlio delle segnalazioni che le Circoscrizioni hanno evidenziato negli ultimi tempi. Alcune di queste risalgono alla precedente amministrazione, ma per l\u2019assessore all\u2019Igiene Ambientale Massimo Minutoli questo conta poco: se il problema \u00e8 rimasto allora va ( a maggior ragione) risolto. Prima di far partire gli interventi, manca solo la firma davanti al notaio della ditta aggiudicatrice, l\u2019assessore Minutoli per luned\u00ec alle 10 ha convocato un tavolo a cui parteciperanno il dirigente Romolo Dell\u2019Acqua e tutti e sei i presidenti Circoscrizionali, con il chiaro intento di non lasciare nulla al caso e seguire passo dopo passo tutti gli interventi che potrebbero iniziare gi\u00e0 nella giornata di marted\u00ec.<div id=\"videoincontent\" style=\"clear:both\";><\/div><\/p>\n","protected":false},"excerpt":{"rendered":"<p>Oltre 300 interventi in un\u2019area di oltre 2mila metri ciascuno, per un totale di 120mila euro, cifra ereditata dal bilancio di Previsione 2018. Il cronoprogramma per le derattizzazioni e le deblattizzazioni annunciate da Cateno de Luca all\u2019indomani del proprio successo elettorale c\u2019\u00e8, cos\u00ec gi\u00e0 dalla prossima settimana la ditta che si \u00e8 aggiudicata il bando [&hellip;]<\/p>\n","protected":false},"author":14,"featured_media":5816,"comment_status":"closed","ping_status":"open","sticky":false,"template":"","format":"standard","meta":{"ub_ctt_via":"","_mi_skip_tracking":false},"categories":[6],"tags":[],"featured_image_src":"https:\/\/www.messinaoggi.it\/website\/wp-content\/uploads\/2017\/08\/TOPI-2.jpg","author_info":{"display_name":"Antonio Macauda","author_link":"https:\/\/www.messinaoggi.it\/website\/author\/a-macauda\/"},"digistream_id":0,"digistream":false,"_links":{"self":[{"href":"https:\/\/www.messinaoggi.it\/website\/wp-json\/wp\/v2\/posts\/22901"}],"collection":[{"href":"https:\/\/www.messinaoggi.it\/website\/wp-json\/wp\/v2\/posts"}],"about":[{"href":"https:\/\/www.messinaoggi.it\/website\/wp-json\/wp\/v2\/types\/post"}],"author":[{"embeddable":true,"href":"https:\/\/www.messinaoggi.it\/website\/wp-json\/wp\/v2\/users\/14"}],"replies":[{"embeddable":true,"href":"https:\/\/www.messinaoggi.it\/website\/wp-json\/wp\/v2\/comments?post=22901"}],"version-history":[{"count":0,"href":"https:\/\/www.messinaoggi.it\/website\/wp-json\/wp\/v2\/posts\/22901\/revisions"}],"wp:featuredmedia":[{"embeddable":true,"href":"https:\/\/www.messinaoggi.it\/website\/wp-json\/wp\/v2\/media\/5816"}],"wp:attachment":[{"href":"https:\/\/www.messinaoggi.it\/website\/wp-json\/wp\/v2\/media?parent=22901"}],"wp:term":[{"taxonomy":"category","embeddable":true,"href":"https:\/\/www.messinaoggi.it\/website\/wp-json\/wp\/v2\/categories?post=22901"},{"taxonomy":"post_tag","embeddable":true,"href":"https:\/\/www.messinaoggi.it\/website\/wp-json\/wp\/v2\/tags?post=22901"}],"curies":[{"name":"wp","href":"https:\/\/api.w.org\/{rel}","templated":true}]}}