{"id":22896,"date":"2018-08-03T15:31:26","date_gmt":"2018-08-03T13:31:26","guid":{"rendered":"http:\/\/www.messinaoggi.it\/website\/?p=22896"},"modified":"2018-08-03T15:31:26","modified_gmt":"2018-08-03T13:31:26","slug":"leu-sicilia-sullallarme-brucellosi-senza-risultati-i-fondi-verranno-tagliati","status":"publish","type":"post","link":"https:\/\/www.messinaoggi.it\/website\/2018\/08\/03\/leu-sicilia-sullallarme-brucellosi-senza-risultati-i-fondi-verranno-tagliati\/","title":{"rendered":"L&#039;EU Sicilia sull&#039;allarme brucellosi: &quot;Senza risultati i fondi verranno tagliati&quot;"},"content":{"rendered":"<p style=\"text-align: justify\">Oltre i due miliardi di euro: questo sarebbe l&#8217;ammontare del valore del danno subito da aziende siciliane e in termini di salute dai consumatori a causa della\u00a0 brucellosi bovina ed ovicaprina. Lo denuncia l\u2019europarlamentare del Movimento 5 Stelle Ignazio Corrao che ha ricevuto risposta dalla Commissione Europea sullo stato delle vaccinazioni per la brucellosi nell&#8217;isola.<div id=\"div-gpt-ad-Messinaoggi.it-DSK-300x250-corpoart\" style=\"text-align:center;margin:0 auto;\"><\/div><\/p>\n<p style=\"text-align: justify\">Il pentastellato sottolinea come parallelamente alle vittime ci siano i carnefici, cio\u00e8 coloro i quali stanno ricavando\u00a0immensi profitti, come le aziende che commercializzano e trasformano la carne infetta, perch\u00e9 la comprano a due soldi, non hanno l\u2019obbligo di segnalare che \u00e8 infetta e la immettono irresponsabilmente nella nostra catena alimentare facendola consumare anche dai bambini: \u201c<em>Nonostante i milioni di euro di Fondi UE spesi &#8211;<\/em> spiega Corrao &#8211; <em>la Sicilia rimane la regione italiana pi\u00f9 colpita con quasi il 3% di aziende infette da brucellosi bovina e ovicaprina nel 2017, e il 75% delle aziende della provincia di Messina risulta \u2018non indenne\u2019.\u00a0Quello che \u00e8 assurdo \u00e8 che il piano di eradicazione attuale, che sarebbe assolutamente necessario, non prevede vaccinazioni ed \u00e8 assolutamente inadeguato, soprattutto per le aziende allo stato brado, che in alcuni casi, come la movimentazione in condizioni di maltempo in presenza anche di un solo capo infetto, rischiano l&#8217;abbattimento di tutto il bestiame a proprie spese. Una follia. Per questo ho accolto le segnalazioni dell\u2019Unione Allevatori Sicilia che chiede di vaccinare le &#8220;rimonte&#8221; (massimo 10 mesi di et\u00e0) nelle province ad alta prevalenza di brucellosi con il vaccino RB-51, ma le autorit\u00e0 siciliane e il Ministero non hanno autorizzato questa procedura, scaricando la responsabilit\u00e0 all\u2019UE\u201d.<\/em><div id=\"videoincontent\" style=\"clear:both\";><\/div><\/p>\n<p style=\"text-align: justify\"><i>L&#8217;europarlamentare in merito ha indirizzato<\/i>\u00a0un\u2019interrogazione alla Commissione, facendo appello all&#8217;Ue affinch\u00e9 si ponga fine allo scandalo che sta devastando gli allevatori siciliani. La Commissione, a seguito di ispezioni, data la mancanza di progressi nell&#8217;eradicazione, sono state inoltre imposte sanzioni pecuniarie alla Sicilia. Nel 2011, per esempio, il programma di eradicazione qui \u00e8 stato dichiarato dalla Commissione non ammissibile per la mancata esecuzione di una campagna di vaccinazione. La Commissione ha inoltre ridotto i pagamenti di 7 milioni di EUR dal 2005 al 2012: &#8220;Ma non \u00e8 finita &#8211; sottolinea Corrao.<em> La Commissione dichiara che la vaccinazione contro la brucellosi \u2018\u00e8 ammessa dall&#8217;attuale legislazione dell&#8217;UE ma non \u00e8 obbligatoria. Spetta alle autorit\u00e0 nazionali e regionali competenti decidere se autorizzare la vaccinazione in Sicilia\u2019. Dunque occorre immediatamente che la Regione e il Ministero si facciano carico di autorizzare questa misura assolutamente necessaria. Infine la Commissione ammonisce che \u2018nel caso in cui le misure attuate non portino a un progresso chiaro in tale direzione, il sostegno finanziario potr\u00e0 essere riesaminato\u2019. Non solo l\u2019autorizzazione della vaccinazione spetta alle autorit\u00e0 regionali e nazionali, ma se presto non avremo risultati l\u2019Europa taglier\u00e0 i fondi. Allora mi sembra opportuno chiedersi: ci sono forse interessi economici dietro l&#8217;assenza di vaccinazioni? E come sono stati utilizzati i fondi europei per l\u2019eradicazione?<\/em><\/p>\n<p style=\"text-align: justify\">Il nuovo appello di Corrao, si pensa ad un tavolo tenico per difendere gli interessi degli allevatori: &#8220;<em>Mi sto muovendo per farmi promotore presso la Regione insieme ai colleghi M5S all&#8217;Ars Elena Pagana e Antonio De Luca e il Ministero di questa battaglia sacrosanta per proteggere uno dei cuori pulsanti della nostra economia regionale attraverso il primo tavolo permanente con tutti gli operatori del settore che verr\u00e0 presto organizzato in Sicilia, al quale invito tutti a partecipare<\/em> &#8211; conclude Corrao &#8211; <em>per dare risposte agli allevatori&#8221;.<\/em><\/p>\n","protected":false},"excerpt":{"rendered":"<p>Oltre i due miliardi di euro: questo sarebbe l&#8217;ammontare del valore del danno subito da aziende siciliane e in termini di salute dai consumatori a causa della\u00a0 brucellosi bovina ed ovicaprina. Lo denuncia l\u2019europarlamentare del Movimento 5 Stelle Ignazio Corrao che ha ricevuto risposta dalla Commissione Europea sullo stato delle vaccinazioni per la brucellosi nell&#8217;isola. [&hellip;]<\/p>\n","protected":false},"author":6,"featured_media":22899,"comment_status":"closed","ping_status":"open","sticky":false,"template":"","format":"standard","meta":{"ub_ctt_via":"","_mi_skip_tracking":false},"categories":[11],"tags":[],"featured_image_src":"https:\/\/www.messinaoggi.it\/website\/wp-content\/uploads\/2018\/08\/bovini-da-latte-1.jpg","author_info":{"display_name":"Redazione MessinaOggi.it","author_link":"https:\/\/www.messinaoggi.it\/website\/author\/p-vinci\/"},"digistream_id":0,"digistream":false,"_links":{"self":[{"href":"https:\/\/www.messinaoggi.it\/website\/wp-json\/wp\/v2\/posts\/22896"}],"collection":[{"href":"https:\/\/www.messinaoggi.it\/website\/wp-json\/wp\/v2\/posts"}],"about":[{"href":"https:\/\/www.messinaoggi.it\/website\/wp-json\/wp\/v2\/types\/post"}],"author":[{"embeddable":true,"href":"https:\/\/www.messinaoggi.it\/website\/wp-json\/wp\/v2\/users\/6"}],"replies":[{"embeddable":true,"href":"https:\/\/www.messinaoggi.it\/website\/wp-json\/wp\/v2\/comments?post=22896"}],"version-history":[{"count":0,"href":"https:\/\/www.messinaoggi.it\/website\/wp-json\/wp\/v2\/posts\/22896\/revisions"}],"wp:featuredmedia":[{"embeddable":true,"href":"https:\/\/www.messinaoggi.it\/website\/wp-json\/wp\/v2\/media\/22899"}],"wp:attachment":[{"href":"https:\/\/www.messinaoggi.it\/website\/wp-json\/wp\/v2\/media?parent=22896"}],"wp:term":[{"taxonomy":"category","embeddable":true,"href":"https:\/\/www.messinaoggi.it\/website\/wp-json\/wp\/v2\/categories?post=22896"},{"taxonomy":"post_tag","embeddable":true,"href":"https:\/\/www.messinaoggi.it\/website\/wp-json\/wp\/v2\/tags?post=22896"}],"curies":[{"name":"wp","href":"https:\/\/api.w.org\/{rel}","templated":true}]}}