{"id":22878,"date":"2018-08-03T09:53:10","date_gmt":"2018-08-03T07:53:10","guid":{"rendered":"http:\/\/www.messinaoggi.it\/website\/?p=22878"},"modified":"2018-08-03T09:53:10","modified_gmt":"2018-08-03T07:53:10","slug":"a18-lavori-in-zona-galati-briga-istituito-doppio-senso-di-circolazione","status":"publish","type":"post","link":"https:\/\/www.messinaoggi.it\/website\/2018\/08\/03\/a18-lavori-in-zona-galati-briga-istituito-doppio-senso-di-circolazione\/","title":{"rendered":"A18, lavori in zona Galati-Briga: istituito doppio senso di circolazione"},"content":{"rendered":"<p><span style=\"font-family: Arial, sans-serif\"><span style=\"font-size: medium\">La Galleria Velardi, posizionata nella Messina &#8211; Catania (lato monte, direzione CT) in zona Galati-Briga, \u00e8 stata provvisoriamente chiusa al traffico per alcuni lavori che dureranno al massimo 10 giorni.\u00a0<\/span><\/span><span style=\"font-family: Arial, sans-serif\"><span style=\"font-size: medium\">Conseguentemente il Consorzio ha approntato presso tale zona un doppio senso di circolazione nella corrispondente opposta carreggiata di circa 4 km (lato mare, direzione ME). Lungo tutto il doppio senso di circolazione il limite di velocit\u00e0 \u00e8 fissato in 40Km\/h ed il divieto di sorpasso; in loco apposita cartellonistica con indicazione lavori e deviazioni.<\/span><\/span><br \/>\n<span style=\"font-family: Arial, sans-serif\"><span style=\"font-size: medium\">La scelta di contenere il pi\u00f9 possibile la estensione del doppio senso di circolazione \u00e8 stata finalizzata a non appesantire la viabilit\u00e0 autostradale in questo particolare momento estivo.<\/span><\/span><div id=\"div-gpt-ad-Messinaoggi.it-DSK-300x250-corpoart\" style=\"text-align:center;margin:0 auto;\"><\/div><\/p>\n<div id=\"videoincontent\" style=\"clear:both\";><\/div>","protected":false},"excerpt":{"rendered":"<p>La Galleria Velardi, posizionata nella Messina &#8211; Catania (lato monte, direzione CT) in zona Galati-Briga, \u00e8 stata provvisoriamente chiusa al traffico per alcuni lavori che dureranno al massimo 10 giorni.\u00a0Conseguentemente il Consorzio ha approntato presso tale zona un doppio senso di circolazione nella corrispondente opposta carreggiata di circa 4 km (lato mare, direzione ME). Lungo [&hellip;]<\/p>\n","protected":false},"author":8,"featured_media":5457,"comment_status":"closed","ping_status":"open","sticky":false,"template":"","format":"standard","meta":{"ub_ctt_via":"","_mi_skip_tracking":false},"categories":[5],"tags":[],"featured_image_src":"https:\/\/www.messinaoggi.it\/website\/wp-content\/uploads\/2017\/07\/A18-caselli-Tremestieri-Messina-Sud-2.jpg","author_info":{"display_name":"red..me","author_link":"https:\/\/www.messinaoggi.it\/website\/author\/redstage\/"},"digistream_id":0,"digistream":false,"_links":{"self":[{"href":"https:\/\/www.messinaoggi.it\/website\/wp-json\/wp\/v2\/posts\/22878"}],"collection":[{"href":"https:\/\/www.messinaoggi.it\/website\/wp-json\/wp\/v2\/posts"}],"about":[{"href":"https:\/\/www.messinaoggi.it\/website\/wp-json\/wp\/v2\/types\/post"}],"author":[{"embeddable":true,"href":"https:\/\/www.messinaoggi.it\/website\/wp-json\/wp\/v2\/users\/8"}],"replies":[{"embeddable":true,"href":"https:\/\/www.messinaoggi.it\/website\/wp-json\/wp\/v2\/comments?post=22878"}],"version-history":[{"count":0,"href":"https:\/\/www.messinaoggi.it\/website\/wp-json\/wp\/v2\/posts\/22878\/revisions"}],"wp:featuredmedia":[{"embeddable":true,"href":"https:\/\/www.messinaoggi.it\/website\/wp-json\/wp\/v2\/media\/5457"}],"wp:attachment":[{"href":"https:\/\/www.messinaoggi.it\/website\/wp-json\/wp\/v2\/media?parent=22878"}],"wp:term":[{"taxonomy":"category","embeddable":true,"href":"https:\/\/www.messinaoggi.it\/website\/wp-json\/wp\/v2\/categories?post=22878"},{"taxonomy":"post_tag","embeddable":true,"href":"https:\/\/www.messinaoggi.it\/website\/wp-json\/wp\/v2\/tags?post=22878"}],"curies":[{"name":"wp","href":"https:\/\/api.w.org\/{rel}","templated":true}]}}