{"id":228438,"date":"2025-02-13T08:33:42","date_gmt":"2025-02-13T07:33:42","guid":{"rendered":"http:\/\/www.messinaoggi.it\/website\/?p=228438"},"modified":"2025-02-13T08:33:43","modified_gmt":"2025-02-13T07:33:43","slug":"pd-lavoratori-a-rischio-alla-stm","status":"publish","type":"post","link":"https:\/\/www.messinaoggi.it\/website\/2025\/02\/13\/pd-lavoratori-a-rischio-alla-stm\/","title":{"rendered":"Pd: &#8220;Lavoratori a rischio alla STM&#8221;"},"content":{"rendered":"\n<p>\u201cTorniamo a chiedere, con forza, che il governo intervenga sul caso di ST Microelettronics, ora che \u2013 da indiscrezioni di stampa \u2013 si fa sempre pi\u00f9 concreta la possibilit\u00e0 che la multinazionale avvii la cassa integrazione per 2 settimane, che riguarder\u00e0 2500 dei 4500 dipendenti, gran parte dei quali impiegati nel sito di Catania\u201d. Lo dichiara il segretario regionale del Pd Sicilia e deputato alla Camera, Anthony Barbagallo, a proposito delle indiscrezioni di stampa che preannunciano l\u2019attivazione della cassa integrazione da parte di STM. <div id=\"div-gpt-ad-Messinaoggi.it-DSK-300x250-corpoart\" style=\"text-align:center;margin:0 auto;\"><\/div><\/p>\n\n\n\n<p>\u201cLa settimana scorsa ho depositato una interrogazione \u2013 aggiunge \u2013 per sollecitare l\u2019intervento del governo al fine di tutelare sia il personale in servizio sia la produzione d&#8217;eccellenza, scongiurando il ridimensionamento del sito catanese ed ogni eventuale impatto, in negativo, sugli attuali livelli occupazionali. Ma sia Roma, il ministro Urso sia in Sicilia, l\u2019assessore regionale alle Attivit\u00e0 produttive Edy Tamajo si spendono solo in annunci cui non segue alcun atto concreto\u201d.<div id=\"videoincontent\" style=\"clear:both\";><\/div><\/p>\n","protected":false},"excerpt":{"rendered":"<p>\u201cTorniamo a chiedere, con forza, che il governo intervenga sul caso di ST Microelettronics, ora che \u2013 da indiscrezioni di stampa \u2013 si fa sempre pi\u00f9 concreta la possibilit\u00e0 che la multinazionale avvii la cassa integrazione per 2 settimane, che riguarder\u00e0 2500 dei 4500 dipendenti, gran parte dei quali impiegati nel sito di Catania\u201d. Lo [&hellip;]<\/p>\n","protected":false},"author":2,"featured_media":119276,"comment_status":"open","ping_status":"open","sticky":false,"template":"","format":"standard","meta":{"ub_ctt_via":"","_mi_skip_tracking":false},"categories":[11],"tags":[],"featured_image_src":"https:\/\/www.messinaoggi.it\/website\/wp-content\/uploads\/2022\/08\/barbagallo-pd-e1617275640702-3-71cf9p7aojbwd8axxhfqvd1m68oe0a2ukpqsb5pwuo6.jpg","author_info":{"display_name":"Redazione","author_link":"https:\/\/www.messinaoggi.it\/website\/author\/redazione\/"},"digistream_id":0,"digistream":false,"_links":{"self":[{"href":"https:\/\/www.messinaoggi.it\/website\/wp-json\/wp\/v2\/posts\/228438"}],"collection":[{"href":"https:\/\/www.messinaoggi.it\/website\/wp-json\/wp\/v2\/posts"}],"about":[{"href":"https:\/\/www.messinaoggi.it\/website\/wp-json\/wp\/v2\/types\/post"}],"author":[{"embeddable":true,"href":"https:\/\/www.messinaoggi.it\/website\/wp-json\/wp\/v2\/users\/2"}],"replies":[{"embeddable":true,"href":"https:\/\/www.messinaoggi.it\/website\/wp-json\/wp\/v2\/comments?post=228438"}],"version-history":[{"count":1,"href":"https:\/\/www.messinaoggi.it\/website\/wp-json\/wp\/v2\/posts\/228438\/revisions"}],"predecessor-version":[{"id":228439,"href":"https:\/\/www.messinaoggi.it\/website\/wp-json\/wp\/v2\/posts\/228438\/revisions\/228439"}],"wp:featuredmedia":[{"embeddable":true,"href":"https:\/\/www.messinaoggi.it\/website\/wp-json\/wp\/v2\/media\/119276"}],"wp:attachment":[{"href":"https:\/\/www.messinaoggi.it\/website\/wp-json\/wp\/v2\/media?parent=228438"}],"wp:term":[{"taxonomy":"category","embeddable":true,"href":"https:\/\/www.messinaoggi.it\/website\/wp-json\/wp\/v2\/categories?post=228438"},{"taxonomy":"post_tag","embeddable":true,"href":"https:\/\/www.messinaoggi.it\/website\/wp-json\/wp\/v2\/tags?post=228438"}],"curies":[{"name":"wp","href":"https:\/\/api.w.org\/{rel}","templated":true}]}}