{"id":22841,"date":"2018-08-02T17:00:46","date_gmt":"2018-08-02T15:00:46","guid":{"rendered":"http:\/\/www.messinaoggi.it\/website\/?p=22841"},"modified":"2018-08-02T17:00:46","modified_gmt":"2018-08-02T15:00:46","slug":"riparte-a-pieno-regime-lattivita-di-caffe-barbera-con-la-benedizione-di-monsignor-cesare-di-pietro","status":"publish","type":"post","link":"https:\/\/www.messinaoggi.it\/website\/2018\/08\/02\/riparte-a-pieno-regime-lattivita-di-caffe-barbera-con-la-benedizione-di-monsignor-cesare-di-pietro\/","title":{"rendered":"Riparte a pieno regime l&#039;attivit\u00e0 di Caff\u00e8 Barbera con la benedizione di Monsignor Cesare Di Pietro"},"content":{"rendered":"<p style=\"text-align: justify;\">&#8220;<em>Oggi abbiamo avuto il privilegio di avere in azienda sua Eccellenza il vescovo ausiliare di Messina, <strong>Cesare Di Pietro<\/strong><\/em>&#8220;. A dare l&#8217;annuncio a nome della<strong> famiglia Barbera<\/strong> \u00e8 l&#8217;amministratore delegato della storica azienda di Caff\u00e8 della nostra citt\u00e0.<div id=\"div-gpt-ad-Messinaoggi.it-DSK-300x250-corpoart\" style=\"text-align:center;margin:0 auto;\"><\/div><\/p>\n<p style=\"text-align: justify;\">Come si ricorder\u00e0, l&#8217;azienda \u00e8 stata interessata nei giorni scorsi da un incendio che ha rischiato di cancellare anni di storia e solo grazie alla perizia e al coraggio del personale, altamente preparato in caso di incendi, con la guida di Francesco Barbera, \u00e8 stata letteralmente salvata.<div id=\"videoincontent\" style=\"clear:both\";><\/div><\/p>\n<p style=\"text-align: justify;\"><img loading=\"lazy\" class=\" wp-image-22844 alignright\" src=\"http:\/\/www.messinaoggi.it\/website\/wp-content\/uploads\/2018\/08\/6E65EE25-1D9C-4612-BDED-23264B6C84CE-300x233.jpeg\" alt=\"\" width=\"252\" height=\"196\" \/><\/p>\n<p style=\"text-align: justify;\">Lo stabilimento allocato alla Zir, solo dopo 24 ore dall&#8217;incidente, ha ripreso la sua produzione. Adesso \u00e8 a pieno regime.<\/p>\n<p style=\"text-align: justify;\">&#8220;Attraverso la preghiera Monsignor Cesare Di Pietro &#8211; aggiunge <strong>Francesco Barbera<\/strong> &#8211; abbiamo voluto ringraziare i collaboratori e le loro famiglie messi tutti a dura prova da un incidente che poteva avere conseguenze ben pi\u00f9 gravi. Siamo orgogliosi del nostro personale e non possiamo che ringraziare a nome di tutti e della mia famiglia il vescovo ausiliare di Messina che oggi ci \u00e8 venuto a trovare&#8221;.<\/p>\n","protected":false},"excerpt":{"rendered":"<p>&#8220;Oggi abbiamo avuto il privilegio di avere in azienda sua Eccellenza il vescovo ausiliare di Messina, Cesare Di Pietro&#8220;. A dare l&#8217;annuncio a nome della famiglia Barbera \u00e8 l&#8217;amministratore delegato della storica azienda di Caff\u00e8 della nostra citt\u00e0. Come si ricorder\u00e0, l&#8217;azienda \u00e8 stata interessata nei giorni scorsi da un incendio che ha rischiato di [&hellip;]<\/p>\n","protected":false},"author":2,"featured_media":22842,"comment_status":"closed","ping_status":"open","sticky":false,"template":"","format":"standard","meta":{"ub_ctt_via":"","_mi_skip_tracking":false},"categories":[6],"tags":[],"featured_image_src":"https:\/\/www.messinaoggi.it\/website\/wp-content\/uploads\/2018\/08\/7E674E80-913D-4238-A7A3-7038772E8A18-1.jpeg","author_info":{"display_name":"Redazione","author_link":"https:\/\/www.messinaoggi.it\/website\/author\/redazione\/"},"digistream_id":0,"digistream":false,"_links":{"self":[{"href":"https:\/\/www.messinaoggi.it\/website\/wp-json\/wp\/v2\/posts\/22841"}],"collection":[{"href":"https:\/\/www.messinaoggi.it\/website\/wp-json\/wp\/v2\/posts"}],"about":[{"href":"https:\/\/www.messinaoggi.it\/website\/wp-json\/wp\/v2\/types\/post"}],"author":[{"embeddable":true,"href":"https:\/\/www.messinaoggi.it\/website\/wp-json\/wp\/v2\/users\/2"}],"replies":[{"embeddable":true,"href":"https:\/\/www.messinaoggi.it\/website\/wp-json\/wp\/v2\/comments?post=22841"}],"version-history":[{"count":0,"href":"https:\/\/www.messinaoggi.it\/website\/wp-json\/wp\/v2\/posts\/22841\/revisions"}],"wp:featuredmedia":[{"embeddable":true,"href":"https:\/\/www.messinaoggi.it\/website\/wp-json\/wp\/v2\/media\/22842"}],"wp:attachment":[{"href":"https:\/\/www.messinaoggi.it\/website\/wp-json\/wp\/v2\/media?parent=22841"}],"wp:term":[{"taxonomy":"category","embeddable":true,"href":"https:\/\/www.messinaoggi.it\/website\/wp-json\/wp\/v2\/categories?post=22841"},{"taxonomy":"post_tag","embeddable":true,"href":"https:\/\/www.messinaoggi.it\/website\/wp-json\/wp\/v2\/tags?post=22841"}],"curies":[{"name":"wp","href":"https:\/\/api.w.org\/{rel}","templated":true}]}}