{"id":228173,"date":"2025-02-11T09:50:50","date_gmt":"2025-02-11T08:50:50","guid":{"rendered":"http:\/\/www.messinaoggi.it\/website\/?p=228173"},"modified":"2025-02-11T09:51:12","modified_gmt":"2025-02-11T08:51:12","slug":"ss-113-chiusa-a-san-saba-incontro-in-prefettura","status":"publish","type":"post","link":"https:\/\/www.messinaoggi.it\/website\/2025\/02\/11\/ss-113-chiusa-a-san-saba-incontro-in-prefettura\/","title":{"rendered":"SS 113 chiusa a San Saba, incontro in Prefettura"},"content":{"rendered":"\n<p>Si \u00e8 tenuto nel pomeriggio di ieri l&#8217;incontro in Prefettura, richiesto con forza dal sindaco <strong>Federico Basile<\/strong>, dopo la chiusura da parte di ANAS della SS 113 nei pressi di San Saba a causa del cedimento stradale dovuto alle forti piogge di domenica 9 febbraio.<div id=\"div-gpt-ad-Messinaoggi.it-DSK-300x250-corpoart\" style=\"text-align:center;margin:0 auto;\"><\/div><\/p>\n\n\n\n<p>L&#8217;incontro fa seguito al sopralluogo congiunto che ieri mattina si \u00e8 tenuto sui luoghi alla presenza di ANAS, degli Assessori comunali <strong>Francesco Caminiti <\/strong>e<strong> Massimiliano Minutoli<\/strong>, al Direttore Generale del comune <strong>Salvo Puccio<\/strong> e dei gestori dei sottoservizi.<div id=\"videoincontent\" style=\"clear:both\";><\/div><\/p>\n\n\n\n<p>Durante l&#8217;incontro in Prefettura si \u00e8 appreso che, comunque, ANAS avrebbe a breve avviato dei lavori sul ponte Mella per la messa in sicurezza dello stesso ponte, a prescindere dallo smottamento che ha portato alla chiusura della strada gi\u00e0 a partire dalla giornata di venerd\u00ec 14 . Sono stati gi\u00e0 progettati ed in fase di validazione dei lavori di messa in sicurezza del ponte che avrebbero richiesto, da parte di ANAS, la chiusura per circa 90 giorni dell&#8217;arteria. <\/p>\n\n\n\n<p>Proprio alla luce di questa novit\u00e0 il sindaco ha chiesto, ed ottenuto, che gi\u00e0 questa mattina si verifichi la fattibilit\u00e0 di sistemazione di un bypass viabile a valle del ponte Mella per permettere una viabilit\u00e0 sostitutiva durante l&#8217;esecuzione dei lavori e di spezzettare gli stessi lavori in una prima fase di messa in sicurezza del versante utile a riaprire la strada almeno in senso unico alternato.<\/p>\n\n\n\n<p>Il sindaco ha inoltre richiesto che possa essere consentito il transito pedonale lungo la SS 113 al fine di poter utilizzare i mezzi pubblici oltre la delimitazione dell&#8217;area interdetta.<\/p>\n\n\n\n<p>ANAS ha assicurato al comune di Messina tutta la collaborazione possibile sia per la sistemazione della viabilit\u00e0 alternativa sia per verificare il passaggio pedonale richiesto. ANAS ha inoltre ribadito che verificher\u00e0 a breve la possibilit\u00e0 di eseguire dei lavori di messa in sicurezza del versante franato (che dovrebbero durare circa 30 gg) per riaprire almeno una corsia lungo la SS 113.<\/p>\n\n\n\n<p>Al termine del sopralluogo di oggi lungo la bretella a valle della 113, si potr\u00e0 comunicare la fattibilit\u00e0 di una viabilit\u00e0 alternativa da utilizzare durante l&#8217;esecuzione dei lavori.<\/p>\n","protected":false},"excerpt":{"rendered":"<p>Si \u00e8 tenuto nel pomeriggio di ieri l&#8217;incontro in Prefettura, richiesto con forza dal sindaco Federico Basile, dopo la chiusura da parte di ANAS della SS 113 nei pressi di San Saba a causa del cedimento stradale dovuto alle forti piogge di domenica 9 febbraio. L&#8217;incontro fa seguito al sopralluogo congiunto che ieri mattina si [&hellip;]<\/p>\n","protected":false},"author":15,"featured_media":49179,"comment_status":"open","ping_status":"open","sticky":false,"template":"","format":"standard","meta":{"ub_ctt_via":"","_mi_skip_tracking":false},"categories":[4,6],"tags":[2727,2651,28,1592],"featured_image_src":"https:\/\/www.messinaoggi.it\/website\/wp-content\/uploads\/2020\/11\/prefettura-messina.jpg","author_info":{"display_name":"red.me","author_link":"https:\/\/www.messinaoggi.it\/website\/author\/red-me\/"},"digistream_id":0,"digistream":false,"_links":{"self":[{"href":"https:\/\/www.messinaoggi.it\/website\/wp-json\/wp\/v2\/posts\/228173"}],"collection":[{"href":"https:\/\/www.messinaoggi.it\/website\/wp-json\/wp\/v2\/posts"}],"about":[{"href":"https:\/\/www.messinaoggi.it\/website\/wp-json\/wp\/v2\/types\/post"}],"author":[{"embeddable":true,"href":"https:\/\/www.messinaoggi.it\/website\/wp-json\/wp\/v2\/users\/15"}],"replies":[{"embeddable":true,"href":"https:\/\/www.messinaoggi.it\/website\/wp-json\/wp\/v2\/comments?post=228173"}],"version-history":[{"count":6,"href":"https:\/\/www.messinaoggi.it\/website\/wp-json\/wp\/v2\/posts\/228173\/revisions"}],"predecessor-version":[{"id":228179,"href":"https:\/\/www.messinaoggi.it\/website\/wp-json\/wp\/v2\/posts\/228173\/revisions\/228179"}],"wp:featuredmedia":[{"embeddable":true,"href":"https:\/\/www.messinaoggi.it\/website\/wp-json\/wp\/v2\/media\/49179"}],"wp:attachment":[{"href":"https:\/\/www.messinaoggi.it\/website\/wp-json\/wp\/v2\/media?parent=228173"}],"wp:term":[{"taxonomy":"category","embeddable":true,"href":"https:\/\/www.messinaoggi.it\/website\/wp-json\/wp\/v2\/categories?post=228173"},{"taxonomy":"post_tag","embeddable":true,"href":"https:\/\/www.messinaoggi.it\/website\/wp-json\/wp\/v2\/tags?post=228173"}],"curies":[{"name":"wp","href":"https:\/\/api.w.org\/{rel}","templated":true}]}}