{"id":22816,"date":"2018-08-02T12:07:13","date_gmt":"2018-08-02T10:07:13","guid":{"rendered":"http:\/\/www.messinaoggi.it\/website\/?p=22816"},"modified":"2018-08-02T12:07:13","modified_gmt":"2018-08-02T10:07:13","slug":"al-via-lestate-messinese-con-sud-o-re","status":"publish","type":"post","link":"https:\/\/www.messinaoggi.it\/website\/2018\/08\/02\/al-via-lestate-messinese-con-sud-o-re\/","title":{"rendered":"Al via l&#039;estate messinese con Sud.O.Re"},"content":{"rendered":"<p>Ieri, presso la Sala Ovale di Palazzo Zanca, \u00e8 stata presenta la kermesse dal titolo Sud.O.Re, ideata da \u00a0Giulio e Roberta Cassisa che prender\u00e0 il via \u00a0dal 7 al 13 agosto presso la sede dell\u2019Horcynus Orca di Capo Peloro.<br \/>\nI due giovani messinesi, che da tempo vivono e studiano al nord, hanno scelto di tornare nella loro citt\u00e0 per proporre una rassegna che fonde danza, musica, arti visive e fotografia subacquea.<br \/>\nE\u2019 stato l\u2019art director della manifestazione Giulio Cassisa, che vanta collaborazioni nei pi\u00f9 prestigiosi teatri italiani, ad illustrare l\u2019evento: \u201c<em>Quello di Sud.O.Re- <\/em>ha spiegato<em>&#8211; \u00e8 un programma ricco ed articolato, che ha come fulcro la danza contemporanea, ma che contiene tante altre espressioni artistiche ed ha un unico filo conduttore che lega le une alle altre: il culto della Vergine Assunta. Il festival infatti si svolge proprio nei giorni in cui la citt\u00e0 si prepara ad accogliere la Vara, la festa religiosa pi\u00f9 importante e simbolo di tradizione e messinesit\u00e0. Il nostro obiettivo, \u00e8 andare oltre, celebrando Maria non solo come icona di fede, ma come donna simbolo di tutte le sfumature del femminile tramite il linguaggio universale dell\u2019arte<\/em>\u201d.<br \/>\nLa kermesse \u00e8 patrocinata dal Comune di Messina e rientra nel cartellone degli spettacoli dell\u2019Estate messinese.<br \/>\nSud.O.Re festival si comporr\u00e0 di \u00a0sessioni mattutine, che prevedono masterclass di danza rivolte ai giovani, e pomeridiane, in cui compagnie di danza nazionali e locali si alterneranno nelle loro performance aperte al pubblico. Il pomeriggio inoltre, i visitatori potranno apprezzare alcune mostre pittoriche allestite negli spazi del Museo Macho dell\u2019Horcynus Orca. La sera spazio alla musica live, con le band locali pi\u00f9 apprezzate dal pubblico giovane.<br \/>\nIl coreografo fiorentino e direttore artistico- danza del festival, Samuele Cardini ha ricordato le performance di danza contemporanea presenti in calendario: <em>\u201cCon Sud.O.Re- <\/em>ha sottolineato<em>&#8211; ho voluto far conoscere meglio a Messina la danza contemporanea e coinvolgere i giovani in questa disciplina. Il riscontro \u00e8 stato molto positivo: le masterclass mattutine sono sold out e l\u20198 agosto ci sar\u00e0 una serata dedicata ai coreografi messinesi, che avranno l\u2019opportunit\u00e0 di esprimersi e la visibilit\u00e0 che meritano. In programma inoltre, tre performance di importanti compagnie nazionali: \u2018Le Ragazze\u2019 di Claudia Rossi Valli, una produzione firmata da \u201cScenario Pubblico\u201d del coreografo Roberto Zappal\u00e0, che andr\u00e0 in scena il 7 agosto, \u2018Abnorma\u2019 della compagnia DNA di Bologna,<\/em> <em>che si esibir\u00e0 l\u201911 agosto, con le coreografie di Elisa Pagani, e \u2018W Maria\/a women sinphony\u2019 che ho curato personalmente con la compagnia Versilia Danza, e che \u00e8 prevista il 13 agosto\u201d.<\/em><br \/>\nAd arricchire il festival di ulteriori spunti culturali, la Conferenza Interreligiosa \u201cMaria di Nazareth, icona dell\u2019umanit\u00e0- parlare di Maria con voci plurali\u201d, che si terr\u00e0 nel Chiostro dell\u2019Arcivescovado di via I Settembre il 10 agosto alle 18.00. Nel corso dell\u2019incontro la figura di Maria verr\u00e0 analizzata da illustri esponenti di diverse confessioni religiose. Sar\u00e0 l\u2019occasione, inoltre, per inaugurare la mostra di icone mariane di Lia Galdiolo.<br \/>\nNell\u2019ambito della kermesse si dar\u00e0 anche \u00a0spazio anche alla solidariet\u00e0. Saranno presenti infatti i volontari dell\u2019associazione Fasted per la lotta contro la Talassemia, che, in cambio di un contributo, offriranno un braccialetto con il motto \u201csmile to life\u201d.<br \/>\nL\u2019evento si svolge in collaborazione con la Fondazione Horcynus Orca e con il patrocinio del \u00a0Comune di Messina, Universit\u00e0 degli studi di Messina, ALuMnime e DAMS.<br \/>\nE allora\u00a0 si dia il via all\u2019estate messinese con Sud.O.Re.<div id=\"div-gpt-ad-Messinaoggi.it-DSK-300x250-corpoart\" style=\"text-align:center;margin:0 auto;\"><\/div><\/p>\n<div id=\"videoincontent\" style=\"clear:both\";><\/div>","protected":false},"excerpt":{"rendered":"<p>Ieri, presso la Sala Ovale di Palazzo Zanca, \u00e8 stata presenta la kermesse dal titolo Sud.O.Re, ideata da \u00a0Giulio e Roberta Cassisa che prender\u00e0 il via \u00a0dal 7 al 13 agosto presso la sede dell\u2019Horcynus Orca di Capo Peloro. I due giovani messinesi, che da tempo vivono e studiano al nord, hanno scelto di tornare [&hellip;]<\/p>\n","protected":false},"author":5,"featured_media":22817,"comment_status":"closed","ping_status":"open","sticky":false,"template":"","format":"standard","meta":{"ub_ctt_via":"","_mi_skip_tracking":false},"categories":[17],"tags":[],"featured_image_src":"https:\/\/www.messinaoggi.it\/website\/wp-content\/uploads\/2018\/08\/conferenza-stampa-1.jpeg","author_info":{"display_name":"Maria Antonella Saia","author_link":"https:\/\/www.messinaoggi.it\/website\/author\/m-saia\/"},"digistream_id":0,"digistream":false,"_links":{"self":[{"href":"https:\/\/www.messinaoggi.it\/website\/wp-json\/wp\/v2\/posts\/22816"}],"collection":[{"href":"https:\/\/www.messinaoggi.it\/website\/wp-json\/wp\/v2\/posts"}],"about":[{"href":"https:\/\/www.messinaoggi.it\/website\/wp-json\/wp\/v2\/types\/post"}],"author":[{"embeddable":true,"href":"https:\/\/www.messinaoggi.it\/website\/wp-json\/wp\/v2\/users\/5"}],"replies":[{"embeddable":true,"href":"https:\/\/www.messinaoggi.it\/website\/wp-json\/wp\/v2\/comments?post=22816"}],"version-history":[{"count":0,"href":"https:\/\/www.messinaoggi.it\/website\/wp-json\/wp\/v2\/posts\/22816\/revisions"}],"wp:featuredmedia":[{"embeddable":true,"href":"https:\/\/www.messinaoggi.it\/website\/wp-json\/wp\/v2\/media\/22817"}],"wp:attachment":[{"href":"https:\/\/www.messinaoggi.it\/website\/wp-json\/wp\/v2\/media?parent=22816"}],"wp:term":[{"taxonomy":"category","embeddable":true,"href":"https:\/\/www.messinaoggi.it\/website\/wp-json\/wp\/v2\/categories?post=22816"},{"taxonomy":"post_tag","embeddable":true,"href":"https:\/\/www.messinaoggi.it\/website\/wp-json\/wp\/v2\/tags?post=22816"}],"curies":[{"name":"wp","href":"https:\/\/api.w.org\/{rel}","templated":true}]}}