{"id":228073,"date":"2025-02-10T12:05:40","date_gmt":"2025-02-10T11:05:40","guid":{"rendered":"https:\/\/www.messinaoggi.it\/website\/2025\/02\/10\/meloni-su-foibe-ed-esodo-sconfitta-la-congiura-del-silenzio\/"},"modified":"2025-02-10T17:05:11","modified_gmt":"2025-02-10T16:05:11","slug":"meloni-su-foibe-ed-esodo-sconfitta-la-congiura-del-silenzio","status":"publish","type":"post","link":"https:\/\/www.messinaoggi.it\/website\/2025\/02\/10\/meloni-su-foibe-ed-esodo-sconfitta-la-congiura-del-silenzio\/","title":{"rendered":"Meloni \u201cSu foibe ed esodo sconfitta la congiura del silenzio\u201d"},"content":{"rendered":"<div>ROMA (ITALPRESS) &#8211; &#8220;Ricordare significa &#8216;riportare al cuor\u00e8, ovvero ricondurre ci\u00f2 che ci \u00e8 pi\u00f9 caro al centro di noi. Noi oggi &#8216;riportiamo al cuor\u00e8 centinaia di migliaia di storie, e restituiamo loro la dignit\u00e0 che meritano. Oggi onoriamo la memoria dei martiri delle foibe e torniamo ad abbracciare tutti i nostri connazionali che decisero di abbandonare tutto pur di non rinunciare alla propria identit\u00e0. Italiani due volte, per nascita e per scelta&#8221;. Cos\u00ec il presidente del Consiglio, Giorgia Meloni, in occasione del Giorno del Ricordo. &#8220;In questa giornata, riportiamo al cuore ogni singola storia di quella tragedia e rinnoviamo una promessa solenne. Continueremo a scrivere nuove pagine e a raccontare alle giovani generazioni ci\u00f2 che \u00e8 successo ai fiumani, agli istriani e ai dalmati. Perch\u00e8 la loro storia non \u00e8 una storia che appartiene a una porzione di confine o a quel che resta delle comunit\u00e0 degli esuli, ma \u00e8 patrimonio di tutta la Nazione. E&#8217; una storia che ha sconfitto la congiura del silenzio e che nessun tentativo negazionista o giustificazionista potr\u00e0 mai pi\u00f9 nascondere o cancellare&#8221;, conclude Meloni.<br \/>\nIn precedenza sui social Meloni aveva scritto: &#8220;Nel Giorno del Ricordo rendiamo omaggio alle vittime delle foibe e a tutti coloro che subirono la tragedia dell&#8217;esodo giuliano-dalmata, una pagina dolorosa della nostra storia per troppo tempo dimenticata. Ricordare \u00e8 un dovere di verit\u00e0 e giustizia, per onorare chi ha sofferto e trasmettere questa memoria alle nuove generazioni. L&#8217;Italia non dimentica&#8221;.<br \/>\n(ITALPRESS).<br \/>\n-Foto: Ipa Agency-<\/div>\n<div id=\"div-gpt-ad-Messinaoggi.it-DSK-300x250-corpoart\" style=\"text-align:center;margin:0 auto;\"><\/div><\/p><div id=\"videoincontent\" style=\"clear:both\";><\/div>","protected":false},"excerpt":{"rendered":"<p>ROMA (ITALPRESS) &#8211; &#8220;Ricordare significa &#8216;riportare al cuor\u00e8, ovvero ricondurre ci\u00f2 che ci \u00e8 pi\u00f9 caro al centro di noi. Noi oggi &#8216;riportiamo al cuor\u00e8 centinaia di migliaia di storie, e restituiamo loro la dignit\u00e0 che meritano. Oggi onoriamo la memoria dei martiri delle foibe e torniamo ad abbracciare tutti i nostri connazionali che decisero [&hellip;]<\/p>\n","protected":false},"author":18,"featured_media":228074,"comment_status":"closed","ping_status":"closed","sticky":false,"template":"","format":"standard","meta":{"ub_ctt_via":"","_mi_skip_tracking":false},"categories":[446,4],"tags":[783],"featured_image_src":"https:\/\/www.messinaoggi.it\/website\/wp-content\/uploads\/2025\/02\/20250210_0424.jpg","author_info":{"display_name":"Admin","author_link":"https:\/\/www.messinaoggi.it\/website\/author\/admin\/"},"digistream_id":0,"digistream":false,"_links":{"self":[{"href":"https:\/\/www.messinaoggi.it\/website\/wp-json\/wp\/v2\/posts\/228073"}],"collection":[{"href":"https:\/\/www.messinaoggi.it\/website\/wp-json\/wp\/v2\/posts"}],"about":[{"href":"https:\/\/www.messinaoggi.it\/website\/wp-json\/wp\/v2\/types\/post"}],"author":[{"embeddable":true,"href":"https:\/\/www.messinaoggi.it\/website\/wp-json\/wp\/v2\/users\/18"}],"replies":[{"embeddable":true,"href":"https:\/\/www.messinaoggi.it\/website\/wp-json\/wp\/v2\/comments?post=228073"}],"version-history":[{"count":1,"href":"https:\/\/www.messinaoggi.it\/website\/wp-json\/wp\/v2\/posts\/228073\/revisions"}],"predecessor-version":[{"id":228114,"href":"https:\/\/www.messinaoggi.it\/website\/wp-json\/wp\/v2\/posts\/228073\/revisions\/228114"}],"wp:featuredmedia":[{"embeddable":true,"href":"https:\/\/www.messinaoggi.it\/website\/wp-json\/wp\/v2\/media\/228074"}],"wp:attachment":[{"href":"https:\/\/www.messinaoggi.it\/website\/wp-json\/wp\/v2\/media?parent=228073"}],"wp:term":[{"taxonomy":"category","embeddable":true,"href":"https:\/\/www.messinaoggi.it\/website\/wp-json\/wp\/v2\/categories?post=228073"},{"taxonomy":"post_tag","embeddable":true,"href":"https:\/\/www.messinaoggi.it\/website\/wp-json\/wp\/v2\/tags?post=228073"}],"curies":[{"name":"wp","href":"https:\/\/api.w.org\/{rel}","templated":true}]}}