{"id":228006,"date":"2025-02-09T09:58:47","date_gmt":"2025-02-09T08:58:47","guid":{"rendered":"http:\/\/www.messinaoggi.it\/website\/?p=228006"},"modified":"2025-02-09T09:58:51","modified_gmt":"2025-02-09T08:58:51","slug":"san-saba-varizioni-alle-linee-bus-32-e-33-bis","status":"publish","type":"post","link":"https:\/\/www.messinaoggi.it\/website\/2025\/02\/09\/san-saba-varizioni-alle-linee-bus-32-e-33-bis\/","title":{"rendered":"San Saba, varizioni alle linee bus 32 e 33 bis"},"content":{"rendered":"\n<p>Dopo la chiusura di 30 giorni disposta dall&#8217;Anas del tratto di strada statale 113 compreso tra Ponte Mella e il bivio di contrada Corridore in localit\u00e0 San Saba, ATM ha apportato alcune variazioni alle linee 32 e 33 bis .<br>\u00a0La linea 32, che normalmente fa capolinea a Pontegallo attraversando tutta la S.S.113, limiter\u00e0 il capolinea a Sparta&#8217; e avr\u00e0 nuovi orari provvisori.<br>Per quanto riguarda la linea 33 bis, l&#8217;Azienda sar\u00e0 obbligata a far transitare gli autobus via A20 anche con l&#8217;unica corsa del mattino, che fino a prima dell&#8217;interruzione veniva espletata via S. S.113.<br>ATM si scusa per gli eventuali disagi all&#8217;utenza, non dipendenti dalla propria volont\u00e0.<div id=\"div-gpt-ad-Messinaoggi.it-DSK-300x250-corpoart\" style=\"text-align:center;margin:0 auto;\"><\/div><\/p>\n\n\n\n<p>Per i dettagli dei nuovi orari \u00e8 possibile consultare il sito<a href=\"http:\/\/www.atmmessinaspa.it\/\" target=\"_blank\" rel=\"noreferrer noopener\"> www.atmmessinaspa.it<\/a>.<div id=\"videoincontent\" style=\"clear:both\";><\/div><\/p>\n","protected":false},"excerpt":{"rendered":"<p>Dopo la chiusura di 30 giorni disposta dall&#8217;Anas del tratto di strada statale 113 compreso tra Ponte Mella e il bivio di contrada Corridore in localit\u00e0 San Saba, ATM ha apportato alcune variazioni alle linee 32 e 33 bis .\u00a0La linea 32, che normalmente fa capolinea a Pontegallo attraversando tutta la S.S.113, limiter\u00e0 il capolinea [&hellip;]<\/p>\n","protected":false},"author":2,"featured_media":166048,"comment_status":"open","ping_status":"open","sticky":false,"template":"","format":"standard","meta":{"ub_ctt_via":"","_mi_skip_tracking":false},"categories":[5],"tags":[1819,1592],"featured_image_src":"https:\/\/www.messinaoggi.it\/website\/wp-content\/uploads\/2023\/08\/IMG-20230812-WA0014.jpg","author_info":{"display_name":"Redazione","author_link":"https:\/\/www.messinaoggi.it\/website\/author\/redazione\/"},"digistream_id":0,"digistream":false,"_links":{"self":[{"href":"https:\/\/www.messinaoggi.it\/website\/wp-json\/wp\/v2\/posts\/228006"}],"collection":[{"href":"https:\/\/www.messinaoggi.it\/website\/wp-json\/wp\/v2\/posts"}],"about":[{"href":"https:\/\/www.messinaoggi.it\/website\/wp-json\/wp\/v2\/types\/post"}],"author":[{"embeddable":true,"href":"https:\/\/www.messinaoggi.it\/website\/wp-json\/wp\/v2\/users\/2"}],"replies":[{"embeddable":true,"href":"https:\/\/www.messinaoggi.it\/website\/wp-json\/wp\/v2\/comments?post=228006"}],"version-history":[{"count":1,"href":"https:\/\/www.messinaoggi.it\/website\/wp-json\/wp\/v2\/posts\/228006\/revisions"}],"predecessor-version":[{"id":228007,"href":"https:\/\/www.messinaoggi.it\/website\/wp-json\/wp\/v2\/posts\/228006\/revisions\/228007"}],"wp:featuredmedia":[{"embeddable":true,"href":"https:\/\/www.messinaoggi.it\/website\/wp-json\/wp\/v2\/media\/166048"}],"wp:attachment":[{"href":"https:\/\/www.messinaoggi.it\/website\/wp-json\/wp\/v2\/media?parent=228006"}],"wp:term":[{"taxonomy":"category","embeddable":true,"href":"https:\/\/www.messinaoggi.it\/website\/wp-json\/wp\/v2\/categories?post=228006"},{"taxonomy":"post_tag","embeddable":true,"href":"https:\/\/www.messinaoggi.it\/website\/wp-json\/wp\/v2\/tags?post=228006"}],"curies":[{"name":"wp","href":"https:\/\/api.w.org\/{rel}","templated":true}]}}