{"id":228003,"date":"2025-02-09T09:56:56","date_gmt":"2025-02-09T08:56:56","guid":{"rendered":"http:\/\/www.messinaoggi.it\/website\/?p=228003"},"modified":"2025-02-09T09:56:57","modified_gmt":"2025-02-09T08:56:57","slug":"maltempo-la-protezione-civile-incontra-i-cittadini-di-zafferia","status":"publish","type":"post","link":"https:\/\/www.messinaoggi.it\/website\/2025\/02\/09\/maltempo-la-protezione-civile-incontra-i-cittadini-di-zafferia\/","title":{"rendered":"Maltempo, la Protezione civile incontra i cittadini di Zafferia"},"content":{"rendered":"\n<p>Si \u00e8 svolto\u00a0\u00a0a Zafferia un incontro con la cittadinanza nell\u2019ambito delle attivit\u00e0 di formazione e sensibilizzazione previste dal Piano Comunale di Emergenza. Presenti l\u2019assessore alla Protezione Civile Massimiliano Minutoli, l\u2019ingegnere Antonio Rizzo, gli esperti di Protezione Civile e i rappresentanti del volontariato del Gruppo Comunale Funzione 3, che hanno illustrato i rischi connessi al dissesto idrogeologico e il funzionamento del sistema di allerta con le sirene.<br>L\u2019evento odierno rientrava nel ciclo di incontri gi\u00e0 avviato nei mesi scorsi, con tappe nella zona nord della citt\u00e0, ma, in considerazione della recente alluvione, si \u00e8 deciso di dare priorit\u00e0 a Zafferia, rafforzando la divulgazione delle informazioni e delle misure di prevenzione.<br>Durante l\u2019incontro sono stati distribuiti materiali informativi, tra cui d\u00e9pliant con le norme comportamentali e il funzionamento delle sirene di allerta. \u00c8 stata inoltre condivisa con i cittadini la strategia in corso per individuare aree sicure dove poter posizionare le vetture, evitando la sosta nei torrenti.<br>&#8220;Abbiamo spiegato che \u00e8 in corso un progetto presso il commissario di Governo, in sinergia con la Regione e con il sindaco Federico Basile, con un prossimo incontro gi\u00e0 programmato per valutarne gli aspetti tecnici. L\u2019obiettivo \u00e8 quello di rafforzare le misure di mitigazione del rischio e migliorare la sicurezza del territorio&#8221;, ha dichiarato Minutoli.<br>Proseguono intanto gli interventi operativi: le ruspe sono costantemente in azione nel torrente per abbassarne il livello e aumentare la sicurezza dell\u2019area. Nel corso della giornata, il volontariato ha garantito un presidio continuo sul territorio, che proseguir\u00e0 anche nelle prossime ore.<br>Per\u00a0domani\u00a0\u00e8 prevista una nuova allerta meteo, motivo per cui la Protezione Civile comunale sar\u00e0 nuovamente sul campo per il monitoraggio del territorio.<div id=\"div-gpt-ad-Messinaoggi.it-DSK-300x250-corpoart\" style=\"text-align:center;margin:0 auto;\"><\/div><\/p>\n<div id=\"videoincontent\" style=\"clear:both\";><\/div>","protected":false},"excerpt":{"rendered":"<p>Si \u00e8 svolto\u00a0\u00a0a Zafferia un incontro con la cittadinanza nell\u2019ambito delle attivit\u00e0 di formazione e sensibilizzazione previste dal Piano Comunale di Emergenza. Presenti l\u2019assessore alla Protezione Civile Massimiliano Minutoli, l\u2019ingegnere Antonio Rizzo, gli esperti di Protezione Civile e i rappresentanti del volontariato del Gruppo Comunale Funzione 3, che hanno illustrato i rischi connessi al dissesto [&hellip;]<\/p>\n","protected":false},"author":2,"featured_media":228004,"comment_status":"open","ping_status":"open","sticky":false,"template":"","format":"standard","meta":{"ub_ctt_via":"","_mi_skip_tracking":false},"categories":[6],"tags":[11196,2972,4757],"featured_image_src":"https:\/\/www.messinaoggi.it\/website\/wp-content\/uploads\/2025\/02\/Incontro-Protezione-civile-a-Zafferia.jpg","author_info":{"display_name":"Redazione","author_link":"https:\/\/www.messinaoggi.it\/website\/author\/redazione\/"},"digistream_id":0,"digistream":false,"_links":{"self":[{"href":"https:\/\/www.messinaoggi.it\/website\/wp-json\/wp\/v2\/posts\/228003"}],"collection":[{"href":"https:\/\/www.messinaoggi.it\/website\/wp-json\/wp\/v2\/posts"}],"about":[{"href":"https:\/\/www.messinaoggi.it\/website\/wp-json\/wp\/v2\/types\/post"}],"author":[{"embeddable":true,"href":"https:\/\/www.messinaoggi.it\/website\/wp-json\/wp\/v2\/users\/2"}],"replies":[{"embeddable":true,"href":"https:\/\/www.messinaoggi.it\/website\/wp-json\/wp\/v2\/comments?post=228003"}],"version-history":[{"count":1,"href":"https:\/\/www.messinaoggi.it\/website\/wp-json\/wp\/v2\/posts\/228003\/revisions"}],"predecessor-version":[{"id":228005,"href":"https:\/\/www.messinaoggi.it\/website\/wp-json\/wp\/v2\/posts\/228003\/revisions\/228005"}],"wp:featuredmedia":[{"embeddable":true,"href":"https:\/\/www.messinaoggi.it\/website\/wp-json\/wp\/v2\/media\/228004"}],"wp:attachment":[{"href":"https:\/\/www.messinaoggi.it\/website\/wp-json\/wp\/v2\/media?parent=228003"}],"wp:term":[{"taxonomy":"category","embeddable":true,"href":"https:\/\/www.messinaoggi.it\/website\/wp-json\/wp\/v2\/categories?post=228003"},{"taxonomy":"post_tag","embeddable":true,"href":"https:\/\/www.messinaoggi.it\/website\/wp-json\/wp\/v2\/tags?post=228003"}],"curies":[{"name":"wp","href":"https:\/\/api.w.org\/{rel}","templated":true}]}}