{"id":227935,"date":"2025-02-07T21:05:41","date_gmt":"2025-02-07T20:05:41","guid":{"rendered":"https:\/\/www.messinaoggi.it\/website\/2025\/02\/07\/sanremo-conti-spero-buona-musica-e-spettacolo-divertente\/"},"modified":"2025-02-07T21:05:41","modified_gmt":"2025-02-07T20:05:41","slug":"sanremo-conti-spero-buona-musica-e-spettacolo-divertente","status":"publish","type":"post","link":"https:\/\/www.messinaoggi.it\/website\/2025\/02\/07\/sanremo-conti-spero-buona-musica-e-spettacolo-divertente\/","title":{"rendered":"Sanremo, Conti \u201cSpero buona musica e spettacolo divertente\u201d"},"content":{"rendered":"<div>ROMA (ITALPRESS) &#8211; &#8220;Spero che ci sia la stessa buona musica e la leggerezza, proseguendo lo straordinario lavoro fatto prima da Baglioni e poi da Amadeus. Questi otto anni sono passati velocemente. Spero che ancora una volta ci sia della buona musica, un spettacolo bello, leggero e divertente&#8221;. Cos\u00ec Carlo Conti a Cinque Minuti in onda questa sera su Rai1. Credo sar\u00e0 un Festival &#8220;al passo con i tempi, c&#8217;\u00e8 una rappresentanza globale della musica italiana, ho cercato di ampliare lo spettro. Naturalmente non era possibile toccare tutti i generi &#8211; prosegue -, ma quello che \u00e8 stato presentato credo sia una bel ventaglio di proposte, sonorit\u00e0 e musiche diverse. Ci sono tanti temi e tante situazioni personali nei testi. Tante sfumature&#8221;. <br \/>&#8220;Il Festival \u00e8 anche chiacchiericcio, parlare e sparlare, un fumo che si crea intorno e dove tutti vogliono dire la loro. Non \u00e8 &#8216;Sanremo Island&#8217;, per me \u00e8 il festival della canzone italiana e io mi occupo solo dello spettacolo e delle canzoni&#8221; ha aggiunto parlando del gossip che ha riguardato Fedez e Achille Lauro, entrambi presenti al palco dell&#8217;Ariston. Fedez canter\u00e0 la canzone di Marco Masini &#8220;Bella stronza&#8221;, &#8220;ma dovete ascoltarla prima, sar\u00e0 una versione 2.0 &#8211; spiega -,  una versione nuova di quel brano&#8221;. Non \u00e8 pi\u00f9 la versione del 1995 &#8220;ma \u00e8 adattata ai tempi&#8221;. Commentando la presenza di Tony Effe, recentemente travolto dalle polemiche per l&#8217;esclusione al capodanno al Circo Massimo a causa dei testi delle sue canzoni, aggiunge: &#8220;mi sono occupato della canzone che ho scelto per Sanremo, quel brano non ha nulla di particolare. C&#8217;\u00e8 una parabola che a me piace molto che \u00e8 il figlio al prodigo&#8221; dice, quindi sui monologhi fatti nelle precedenti edizione, aggiunge: &#8220;Credo che siano un p\u00f2 passati questi monologhi che devono essere fatti per forza su un argomento, credo che si possa anche sottolineare qualcosa di importante con delle parole e con un messaggio passato velocemente tra una canzone e l&#8217;altra. Comunque non mancheranno i momenti di riflessione, ma non con il lungo monologo&#8221;. &#8220;Nella prima serata ho invitato Noa e Mira Awad, una cantante israeliana e una palestinese che insieme canteranno &#8216;Imagin\u00e8 di John Lennon&#8221;, prosegue Conti che, parlando degli altri ospiti presenti alla kermesse, ricorda anche i due premi alla carriera per Iva Zanicchi e Antonello Venditti.<div id=\"div-gpt-ad-Messinaoggi.it-DSK-300x250-corpoart\" style=\"text-align:center;margin:0 auto;\"><\/div><\/p>\n<p>foto: IPA Agency<div id=\"videoincontent\" style=\"clear:both\";><\/div><\/p>\n<p>(ITALPRESS).<\/p><\/div>\n","protected":false},"excerpt":{"rendered":"<p>ROMA (ITALPRESS) &#8211; &#8220;Spero che ci sia la stessa buona musica e la leggerezza, proseguendo lo straordinario lavoro fatto prima da Baglioni e poi da Amadeus. Questi otto anni sono passati velocemente. Spero che ancora una volta ci sia della buona musica, un spettacolo bello, leggero e divertente&#8221;. Cos\u00ec Carlo Conti a Cinque Minuti in [&hellip;]<\/p>\n","protected":false},"author":18,"featured_media":227936,"comment_status":"closed","ping_status":"closed","sticky":false,"template":"","format":"standard","meta":{"ub_ctt_via":"","_mi_skip_tracking":false},"categories":[446],"tags":[783],"featured_image_src":"https:\/\/www.messinaoggi.it\/website\/wp-content\/uploads\/2025\/02\/20250207_2128.jpg","author_info":{"display_name":"Admin","author_link":"https:\/\/www.messinaoggi.it\/website\/author\/admin\/"},"digistream_id":0,"digistream":false,"_links":{"self":[{"href":"https:\/\/www.messinaoggi.it\/website\/wp-json\/wp\/v2\/posts\/227935"}],"collection":[{"href":"https:\/\/www.messinaoggi.it\/website\/wp-json\/wp\/v2\/posts"}],"about":[{"href":"https:\/\/www.messinaoggi.it\/website\/wp-json\/wp\/v2\/types\/post"}],"author":[{"embeddable":true,"href":"https:\/\/www.messinaoggi.it\/website\/wp-json\/wp\/v2\/users\/18"}],"replies":[{"embeddable":true,"href":"https:\/\/www.messinaoggi.it\/website\/wp-json\/wp\/v2\/comments?post=227935"}],"version-history":[{"count":0,"href":"https:\/\/www.messinaoggi.it\/website\/wp-json\/wp\/v2\/posts\/227935\/revisions"}],"wp:featuredmedia":[{"embeddable":true,"href":"https:\/\/www.messinaoggi.it\/website\/wp-json\/wp\/v2\/media\/227936"}],"wp:attachment":[{"href":"https:\/\/www.messinaoggi.it\/website\/wp-json\/wp\/v2\/media?parent=227935"}],"wp:term":[{"taxonomy":"category","embeddable":true,"href":"https:\/\/www.messinaoggi.it\/website\/wp-json\/wp\/v2\/categories?post=227935"},{"taxonomy":"post_tag","embeddable":true,"href":"https:\/\/www.messinaoggi.it\/website\/wp-json\/wp\/v2\/tags?post=227935"}],"curies":[{"name":"wp","href":"https:\/\/api.w.org\/{rel}","templated":true}]}}