{"id":227933,"date":"2025-02-07T21:05:39","date_gmt":"2025-02-07T20:05:39","guid":{"rendered":"https:\/\/www.messinaoggi.it\/website\/2025\/02\/07\/universita-di-verona-malago-e-montezemolo-laureati-ad-honorem\/"},"modified":"2025-02-07T21:05:39","modified_gmt":"2025-02-07T20:05:39","slug":"universita-di-verona-malago-e-montezemolo-laureati-ad-honorem","status":"publish","type":"post","link":"https:\/\/www.messinaoggi.it\/website\/2025\/02\/07\/universita-di-verona-malago-e-montezemolo-laureati-ad-honorem\/","title":{"rendered":"Universit\u00e0 di Verona, Malag\u00f2 e Montezemolo laureati ad honorem"},"content":{"rendered":"<div>VERONA (ITALPRESS) &#8211; &#8220;L&#8217;Universit\u00e0 di Verona \u00e8 un luogo di continua crescita della conoscenza, dell&#8217;innovazione e dello sviluppo tecnologico. E&#8217; il risultato di un progetto culturale per tutte le persone che studiano e lavorano in Univr e di un progetto sociale per la comunit\u00e0 di riferimento che oggi trova nell&#8217;Ateneo un luogo aperto all&#8217;ascolto e al dialogo sui grandi temi della contemporaneit\u00e0. Oggi, Verona, \u00e8 &#8216;Citt\u00e0 universitari\u00e0 grazie alla presenza di un ateneo aperto, radicato nel territorio e capace di integrarsi con la sua comunit\u00e0&#8221;. <br \/>Cos\u00ec il magnifico rettore Pier Francesco Nocini ha aperto l&#8217;inaugurazione del 42esimo anno accademico dell&#8217;universit\u00e0 di Verona, l&#8217;ultima del suo mandato da rettore, che si \u00e8 tenuta questa mattina nell&#8217;aula magna del polo Zanotto. Numerosi gli ospiti intervenuti tra cui Roberto Vecchioni, Luca Cordero di Montezemolo e Giovanni Malag\u00f2. Presenti anche le icone dello sport italiano e mondiale Federica Pellegrini e Sara Simeoni cui il rettore ha consegnato il sigillo di ateneo e l&#8217;imprenditore Leonardo Maria Del Vecchio.<br \/>Nella sua relazione il rettore Nocini ha ripercorso le tappe del progetto di sviluppo dell&#8217;ateneo di questi anni: &#8216;Grazie al prezioso supporto del Vescovo di Verona Pompili e alla preziosa disponibilit\u00e0 del Comune di Verona, del sindaco Tommasi e della vicesindaca Bissoli, alla collaborazione del collegio di merito don Mazza e all&#8217;impegno continuo dell&#8217;Esu, in particolare del presidente Claudio Valente e del direttore Giorgio Gugole, i posti letto per la nostra comunit\u00e0 studentesca sono sensibilmente aumentati: da 430 nel 2021 ai 540 di oggi e arriveranno a 670 entro il prossimo anno e mi auguro che continuino ad aumentar\u00e8. &#8216;Abbiamo favorito l&#8217;accesso al diritto allo studio al maggior numero possibile di studentesse e studenti ampliando notevolmente la No Tax Area, da 22 a 27mila euro di Isee &#8211; ha detto ancora -. Soprattutto grazie a questa azione, in questi anni di mandato 11.399 universitari sono stati esentati dal pagamento della tassa annuale di iscrizione. Dall&#8217;anno accademico 2019\/2020 a oggi abbiamo assunto, inclusa la copertura del turno over, 359 tra docenti, ricercatrici e ricercatori; 240 tra collaboratori, funzionari tecnici amministrativi e lettori. I corsi di studio, compresi i corsi di dottorato, le scuole di specializzazione e i master sono passati da 153 a 190 di cui 37 corsi di laurea.  Portando la nostra comunit\u00e0 studentesca a una importante crescita: i 25.771 iscritti del 19\/20 sono diventati oggi 29.875 (+ 4.104 studenti). Il nostro Ateneo si presenta virtuoso anche dal punto di vista economico finanziario. Disponiamo di un patrimonio netto di circa 27 milioni di euro al 31.12.2024&#8243;.<br \/>Nocini ha anche ricordato i traguardi che saranno raggiunti entro settembre 2025 tra cui l&#8217;avvio dei lavori di ristrutturazione del secondo Asilo nido di Ateneo, in collaborazione con l&#8217;amministrazione comunale e in particolare con l&#8217;assessora La Paglia; il progetto della nuova sede di Vicenza per i corsi di laurea sanitaria e stiamo lavorando con il sindaco Possamai e Adamo Dalla Fontana Presidente della Fondazione Studi di Vicenza; il completamento del Biologico 3 nel polo di Borgo Roma che inaugurer\u00f2 prima della fine del mio mandato.<br \/>Il rettore ha poi anticipato la volont\u00e0 di dare il via al progetto tanto sognato del Campus dell&#8217;Universit\u00e0 di Verona. &#8220;Con la collaborazione dell&#8217;imprenditore Leonardo Del Vecchio Grazie alla lungimiranza di Leonardo Maria Del Vecchio, alla volont\u00e0 di sostenere la conoscenza prodotta nella nostra universit\u00e0, la formazione delle nostre ragazze e ragazzi e la piena fiducia nel sistema pubblico dell&#8217;alta formazione &#8211; caratteristiche queste che contraddistinguono lo spirito del filantropo &#8211; il progetto del Campus dell&#8217;Universit\u00e0 di Verona, da tutti noi sognato, potrebbe prendere forma, con il suo fondamentale supporto e con la collaborazione dell&#8217;ESU e del Comune di Verona a Borgo Roma, all&#8217;interno in un terreno dell&#8217;ateneo adiacente a C\u00e0 Vignal e al futuro Biologico 3&#8221;. <br \/>Dopo il Gaudeamus igitur e l&#8217;Inno di Mameli eseguiti dal Coro universitario accompagnato dall&#8217;Orchestra di ateneo, \u00e8 stata la volta dei saluti dei rappresentanti della comunit\u00e0 Univr, Irene Lupi, neoeletta presidente del Consiglio studentesco. &#8220;Il diritto allo studio, sancito dalla nostra Costituzione, resta spesso disatteso &#8211; ha detto -. Lo ribadiamo ogni anno in questo contesto e non solo. Sono ancora 786 le persone che dall&#8217;anno scorso stanno aspettando di ricevere la borsa di studio, a cui hanno diritto. 1322 invece, che la aspettano quest&#8217;anno. Mancanze strutturali colpiscono non solo chi studia, ma anche chi in Universit\u00e0 lavora: perch\u00e8 la ricerca \u00e8 lavoro. Eppure, dottorandi e ricercatori sono sempre pi\u00f9 condannati alla precariet\u00e0, con contratti insicuri, stipendi inadeguati, nessuna tutela&#8221;. <br \/>E a seguire, citando Vecchioni ha aggiunto &#8220;Sogna, ragazzo, sogna, ma in queste condizioni come facciamo a sognare? Non ci rappresenta la retorica per la quale i giovani non hanno voglia di fare la propria parte: perch\u00e8 noi siamo qui, di fronte a voi e ci assumiamo la responsabilit\u00e0 del presente e del futuro che abbiamo davanti. La sfida che ci attende \u00e8 complessa, ma decisiva. E l&#8217;Universit\u00e0, in questa, deve presentarsi come una comunit\u00e0 unita. Una forza viva e propulsiva. Ringraziamo il Rettore per la collaborazione dimostrata in questi anni, con l&#8217;auspicio di poter proseguire insieme a questa Governance e alla futura, il percorso congiunto per dare centralit\u00e0 all&#8217;Universit\u00e0 e alla comunit\u00e0 studentesca&#8221;.<br \/>A seguire Elisabetta Guidi, rappresentante del personale tecnico amministrativo, che ha sottolineato: &#8220;Non \u00e8 solo l&#8217;inizio di un nuovo anno ricco di impegni ma \u00e8 anche l&#8217;ultimo anno accademico sotto la guida del Magnifico Rettore, Professor Pier Francesco Nocini. Questo sessennio \u00e8 stato un periodo di grande espansione per la nostra Universit\u00e0. La visione strategica e l&#8217;impegno di questa governance hanno permesso all&#8217;Ateneo di crescere e consolidare il proprio ruolo come istituzione fondamentale per la diffusione della cultura e come punto di riferimento per il territorio&#8221;.<br \/>Ha, dunque, preso la parola Valeria Mantovan, assessore all&#8217;Istruzione e formazione della Regione Veneto: &#8220;Verona e il suo territorio vantano un&#8217;elevata capacit\u00e0 attrattiva, perfettamente riflessa nel dinamismo della sua Universit\u00e0 dove istruzione, ricerca e formazione hanno un ruolo centrale per il progresso del Veneto e dell&#8217;intera nazione. Questo ateneo rappresenta una realt\u00e0 strategica, un ponte tra il mondo accademico, il territorio e il sistema produttivo. L&#8217;Universit\u00e0 di Verona si distingue come un polo di eccellenza nella formazione universitaria, un punto di riferimento che la Regione del Veneto \u00e8 orgogliosa di seguire con attenzione e riconoscenza per il suo prezioso contributo allo sviluppo culturale ed economico&#8221;.<br \/>Il sindaco Damiano Tommasi ha sottolineato: &#8220;Crediamo che essere una citt\u00e0 universitaria, con una popolazione studentesca di circa 30 mila studenti e studentesse che scelgono Verona per una parte della loro vita, rappresenti una ricchezza straordinaria per il nostro territorio, un&#8217;opportunit\u00e0 su cui investire per diventare sempre pi\u00f9 citt\u00e0 d&#8217;eccellenza nei vari settori che ci contraddistinguono, dall&#8217;imprenditoria alla cultura, dagli spettacoli allo sport, e i Giochi Olimpici inverali Milano Cortina 2026 certificano il nostro essere all&#8217;altezza. I genitori devono sapere che mandare i loro figli a studiare a Verona vuol dire mandarli in una citt\u00e0 che \u00e8 pronta a fare squadra e a cogliere nuove sfide per crescere e migliorare. Tra queste c&#8217;\u00e8 senza dubbio quella di dare risposte concrete in tema di alloggi per gli studenti e le studentesse a prezzi accessibili, una sfida che ci vede uniti all&#8217;Universit\u00e0 e alla Diocesi e che render\u00e0 Verona ancora pi\u00f9 attrattiva non solo per studiarvi ma anche per viverci&#8221;.<br \/>E&#8217; stato il vescovo di Verona Domenico Pompili, dopo un breve saluto, a leggere il messaggio di augurio di Papa Francesco indirizzato al rettore e alla comunit\u00e0 universitaria di Verona.<br \/>Ospite d&#8217;eccezione il cantautore, scrittore e insegnante Roberto Vecchioni. Dall&#8217;Inferno di Dante citando Prometeo per arrivare al racconto di aneddoti della sua storia famigliare Vecchioni ha raccontato &#8220;Un grande futuro dietro di noi&#8221;, la grande eredit\u00e0 dei maestri del passato su cui si fondano solide radici per il futuro. <br \/>A seguire il rettore Nocini ha consegnato a Vecchioni la benemerenza con menzione d&#8217;onore per &#8220;la sua vicinanza continuativa alle generazioni nuove, con cui ha intessuto un rapporto inscindibile di permanenza di confronto. Vecchioni ha saputo rappresentare le loro problematiche e le loro aspirazioni pi\u00f9 profonde, contribuendo cos\u00ec in maniera significativa, nell&#8217;evolversi dei tempi, allo sviluppo complessivo, sia culturale che sociale, della realt\u00e0&#8221;.<br \/>Ha, quindi, preso la parola Luca Cordero di Montezemolo, con la lectio &#8220;Il coraggio di osare, la rivoluzione dell&#8217;alta velocita&#8221; cui \u00e8 stata consegna la laurea honoris causa in &#8220;Management e strategia d&#8217;impresa&#8221;. Montezemolo ha fatto il punto sulla storia di Italo, una storia imprenditoriale di successo. Montezemolo si \u00e8 soffermato soprattutto sulla pi\u00f9 grande liberalizzazione in Italia dopo quella della televisione: l&#8217;Alta velocit\u00e0 con i treni Italo, caso unico in Europa, studiato da tutti i paesi che vogliono liberalizzare il sistema dei trasporti ferroviari Av. Cos\u00ec la concorrenza ha fatto scendere i prezzi. Italo, infatti, non solo ha sconfitto un monopolio secolare (quello delle Ferrovie dello Stato) ma ha anche introdotto in Italia un nuovo modo di viaggiare, il cui principio cardine \u00e8 stata l&#8217;attenzione al viaggiatore. Se si considera che progetto sull&#8217;Av \u00e8 partito da uno schizzo su un foglio di carta nel 2006 e oggi il mondo Italo (treni pi\u00f9 bus) trasporta 25 milioni di passeggeri, si ha la portata del successo raggiunto in pochi anni. Oggi, con l&#8217;ingresso di Msc, Italo \u00e8 diventato il primo gruppo intermodale in Europa. Montezemolo ha poi citato la sua storia in Ferrari, i successi sportivi e commerciali. E parlando di ricerca si \u00e8 soffermato su Telethon di cui \u00e8 presidente che ha definito un &#8220;affare&#8221; di cuore. &#8220;Filo conduttore della mia grande esperienza imprenditoriale \u00e8 stata l&#8217;attenzione al capitale umano. E su Verona e il territorio regionale Montezemolo ha aggiunto: &#8220;Se c&#8217;\u00e8 una Regione con una vera imprenditorialit\u00e0 diffusa dove la famiglia imprenditoriale ha ritrovato un ruolo dopo essersi inebriata nella finanza, quella \u00e8 la Regione Veneto&#8221;. Alle studentesse e agli studenti ha detto: &#8220;Sognate per realizzare i vostri sogni con capacit\u00e0, perch\u00e8 vince il pi\u00f9 capace, ma il mio auspicio \u00e8 che ci sia un Paese capace di credere nei vostri sogni&#8221;.<br \/>A seguire Giovanni Malag\u00f2, presidente del Coni, che ha tenuto la lectio magistralis &#8220;Lo sport come paradigma di crescita sostenibile nel segno dell&#8217;innovazione&#8221; \u00e8 stato insignito della laurea honoris causa in &#8220;Management delle attivit\u00e0 sportive, innovative e sostenibili&#8221;, primo laureato del nuovo corsi di studi che aveva presentato con il rettore nell&#8217;ottobre 2023, sottolineandone l&#8217;importanza strategica ai fini del consolidamento di un modello che considera lo sport un elemento nevralgico di sviluppo. La specificit\u00e0 che lo connota si propone di trasferire competenze strategiche e gestionali ai futuri manager del settore, nel solco di quei parametri che oggi costituiscono la stella polare da seguire. L&#8217;universit\u00e0 di Verona ha saputo intercettare, in modo lungimirante, la possibilit\u00e0 di dare forma e contenuto a questo assioma, forte anche dei riflessi e delle ricadute garantite da Milano Cortina 2026 ormai alle porte, con la citt\u00e0 al centro della scena e teatro della cerimonia di chiusura dei Giochi Olimpici e di quella di apertura dei Giochi Paralimpici. La visione dell&#8217;Ateneo d\u00e0 profondit\u00e0 alle progettualit\u00e0 pi\u00f9 ambiziose e riesce a sintetizzare anche i principali contenuti del cammino personale all&#8217;interno del sistema&#8221;.<br \/>E sul ruolo di Verona a Milano Cortina, Malag\u00f2 ha detto &#8216;Una grande vittoria, una grande legacy che Milano Cortina lascer\u00e0 alla citt\u00e0 scaligera che trova nell&#8217;Arena di Verona uno stadio funzionante di una bellezza straordinaria, sinonimo di inclusione, bellezza e funzionalit\u00e0 sportiva e social\u00e8.<br \/>Alle studentesse e agli studenti ha detto &#8220;Vi consiglio di poter fare quello che ho fatto: io per terra, ali aperte. Se avrete la fortuna di occuparvi di qualcosa che per voi \u00e8 sinonimo di passione sarete stati bravi, se non lo avete trovato continuate a cercarlo&#8221;.<br \/>Le motivazioni delle due lauree conferite dal rettore Nocini sono state lette da Chiara Leardini, direttrice del dipartimento di Management di ateneo.<br \/>A seguire sul paco l&#8217;imprenditore Leonardo Maria Del Vecchio che ha ricevuto la benemerenza con menzione d&#8217;onore dal rettore Nocini. &#8220;Questo \u00e8 solo l&#8217;inizio di un percorso che faremo assieme &#8211; ha detto &#8211; e per questo ringrazio il magnifico rettore e amico Pier Francesco. Il mio compito sar\u00e0 quello di lavorare insieme a voi perch\u00e8 il sogno del Campus dell&#8217;universit\u00e0 di Verona possa prendere forma \u00e0. Un campus che risponda alle esigenze delle studentesse e degli studenti e che dia a loro la possibilit\u00e0 di vivere appieno la parentesi universitaria, con un&#8217;attenzione speciale alle famiglie in maggior difficolt\u00e0 che vedono nel percorso degli studi universitari l&#8217;opportunit\u00e0 di offrire il miglior futuro ai propri figli&#8221;.<br \/>Tra i contributi anche i video messaggi di Martine Rothblatt, biotecnologa e fondatrice di United Therapeutics e di Andrea Orcel, amministratore del gruppo Unicredit, ospiti attesi prossimamente all&#8217;universit\u00e0 di Verona. Rothblatt sar\u00e0 in ateneo per ricevere la laurea honoris causa in Medicina e Chirurgia. Il riconoscimento le sar\u00e0 attribuito per il suo straordinario contributo alla ricerca e allo sviluppo di terapie innovative per malattie orfane, quali l&#8217;ipertensione polmonare primitiva, la fibrosi polmonare idiopatica e il neuroblastoma infantile. Mentre Orcel, in primavera, incontrer\u00e0 studentesse e studenti in un dibattito aperto su diversi temi, tra cui l&#8217;innovazione e la situazione del settore finanziario.<br \/>Il Rettore ha voluto chiudere la Cerimonia con il conferimento degli attestati di Benemerenze al merito, delle medaglie e dei sigilli di ateneo a docenti e ospiti per ricordarne l&#8217;impegno per la crescita dell&#8217;ateneo, a sostegno delle sue studentesse e dei suoi studenti e di tutta la comunit\u00e0 universitaria. A seguire le consegna degli attestati al professore onorario Tiziano Villa e ai docenti emeriti Alfredo Guglielmi e Leonard Peter Bos.<div id=\"div-gpt-ad-Messinaoggi.it-DSK-300x250-corpoart\" style=\"text-align:center;margin:0 auto;\"><\/div><\/p>\n<p>&#8211; foto ufficio stampa Universit\u00e0 di Verona &#8211;<br \/>(ITALPRESS).<\/div>\n<div id=\"videoincontent\" style=\"clear:both\";><\/div>","protected":false},"excerpt":{"rendered":"<p>VERONA (ITALPRESS) &#8211; &#8220;L&#8217;Universit\u00e0 di Verona \u00e8 un luogo di continua crescita della conoscenza, dell&#8217;innovazione e dello sviluppo tecnologico. E&#8217; il risultato di un progetto culturale per tutte le persone che studiano e lavorano in Univr e di un progetto sociale per la comunit\u00e0 di riferimento che oggi trova nell&#8217;Ateneo un luogo aperto all&#8217;ascolto e [&hellip;]<\/p>\n","protected":false},"author":18,"featured_media":227934,"comment_status":"closed","ping_status":"closed","sticky":false,"template":"","format":"standard","meta":{"ub_ctt_via":"","_mi_skip_tracking":false},"categories":[446],"tags":[783],"featured_image_src":"https:\/\/www.messinaoggi.it\/website\/wp-content\/uploads\/2025\/02\/20250207_2085.jpg","author_info":{"display_name":"Admin","author_link":"https:\/\/www.messinaoggi.it\/website\/author\/admin\/"},"digistream_id":0,"digistream":false,"_links":{"self":[{"href":"https:\/\/www.messinaoggi.it\/website\/wp-json\/wp\/v2\/posts\/227933"}],"collection":[{"href":"https:\/\/www.messinaoggi.it\/website\/wp-json\/wp\/v2\/posts"}],"about":[{"href":"https:\/\/www.messinaoggi.it\/website\/wp-json\/wp\/v2\/types\/post"}],"author":[{"embeddable":true,"href":"https:\/\/www.messinaoggi.it\/website\/wp-json\/wp\/v2\/users\/18"}],"replies":[{"embeddable":true,"href":"https:\/\/www.messinaoggi.it\/website\/wp-json\/wp\/v2\/comments?post=227933"}],"version-history":[{"count":0,"href":"https:\/\/www.messinaoggi.it\/website\/wp-json\/wp\/v2\/posts\/227933\/revisions"}],"wp:featuredmedia":[{"embeddable":true,"href":"https:\/\/www.messinaoggi.it\/website\/wp-json\/wp\/v2\/media\/227934"}],"wp:attachment":[{"href":"https:\/\/www.messinaoggi.it\/website\/wp-json\/wp\/v2\/media?parent=227933"}],"wp:term":[{"taxonomy":"category","embeddable":true,"href":"https:\/\/www.messinaoggi.it\/website\/wp-json\/wp\/v2\/categories?post=227933"},{"taxonomy":"post_tag","embeddable":true,"href":"https:\/\/www.messinaoggi.it\/website\/wp-json\/wp\/v2\/tags?post=227933"}],"curies":[{"name":"wp","href":"https:\/\/api.w.org\/{rel}","templated":true}]}}