{"id":22792,"date":"2018-08-01T19:26:09","date_gmt":"2018-08-01T17:26:09","guid":{"rendered":"http:\/\/www.messinaoggi.it\/website\/?p=22792"},"modified":"2018-08-01T19:26:09","modified_gmt":"2018-08-01T17:26:09","slug":"carenza-aule-de-luca-punta-a-soluzioni-definitive","status":"publish","type":"post","link":"https:\/\/www.messinaoggi.it\/website\/2018\/08\/01\/carenza-aule-de-luca-punta-a-soluzioni-definitive\/","title":{"rendered":"Carenza aule, De Luca punta a soluzioni definitive"},"content":{"rendered":"<p style=\"text-align: justify;\">La questione della carenza delle aule \u00e8 un problema spinoso, che si presenta ad ogni inizio di anno scolastico. Problema che il sindaco metropolitano, Cateno De Luca, vuole affrontare di petto prima del ritorno tra i banchi degli alunni. Questa mattina, a Palazzo dei Leoni, si \u00e8 svolto l\u2019incontro con i dirigenti scolastici dell\u2019Istituto comprensivo \u201cMazzini\u201d, Domenico Genovese e del Liceo classico \u201cMaurolico\u201d, Giovanna De Francesco, ma anche una delegazione del Liceo Scientifico \u201cSeguenza\u201d. Per quest\u2019ultimo caso, De Luca ha prospettato una soluzione che vuole essere risolutoria, con la messa a disposizione, entro il mese di settembre, di nove aule nella struttura ex IAI e dodici aule nella struttura Don Orione. Contestualmente sono state avviate le procedure per rendere disponibili nella struttura ex IAI altre dodici aule, entro giugno 2019 .<div id=\"div-gpt-ad-Messinaoggi.it-DSK-300x250-corpoart\" style=\"text-align:center;margin:0 auto;\"><\/div><\/p>\n<p style=\"text-align: justify;\">Pertanto in tale data si avr\u00e0 la soluzione definitiva del problema aule per il liceo \u201cSeguenza\u201d, rendendo disponibili un totale di 21 aule nella struttura ex IAI. Per un ulteriore approfondimento la decisione finale \u00e8 stata rinviata a venerd\u00ec prossimo, in quanto , su suggerimento della Preside del Liceo \u201cSeguenza\u201d verr\u00e0 vagliata una soluzione alternativa legata all\u2019Istituto commerciale Jaci. In ogni caso venerd\u00ec la decisone verr\u00e0 presa, se le alternative proposte non saranno giudicate :praticabili, rimarr\u00e0 la soluzione prospettata che riteniamo funzionale al problema. Dall\u2019altro lato, \u00e8 stato risolto il problema della mancanza delle tre aule della scuola \u201cMazzini,<span class=\"textexposedshow\"> con la disponibilit\u00e0 della Dirigente del \u201cMaurolico\u201d, infatti il Sindaco ha deciso di procedere, fermo restando la necessit\u00e0 di valutare tra qualche anno la consistenza della popolazione scolastica. Inoltre, \u00e8 stato affrontato il problema del cortile esterno, che rappresenterebbe la soluzione ideale per gli studenti della \u201cMazzini\u201d, attualmente obbligati ad andare al Paltracuzzi per lo svolgimento delle attivit\u00e0 motorie.<\/span><div id=\"videoincontent\" style=\"clear:both\";><\/div><\/p>\n<p style=\"text-align: justify;\">De Luca si \u00e8 dichiarato molto dispiaciuto per tutto il tempo trascorso invano che, invece, doveva essere impiegato per l\u2019acquisizione, mediante esproprio, del suddetto cortile. In ogni caso, il Sindaco ha assicurato che verranno attivate tutte le procedure idonee per l\u2019acquisizione del bene. Per quanto riguarda la situazione di carattere generale De Luca ha dato appuntamento ai due Dirigenti Scolastici per la seconda settimana di settembre, fermo restando che si proceder\u00e0 immediatamente ad una ricognizione complessiva, dando priorit\u00e0 alle emergenze che si andranno a riscontrare. Inoltre, l\u2019azione di valutazione degli spazi, istituzionali e scolastici, al fine di razionalizzare e migliorarne la fruizione, permetter\u00e0 in tempi brevi di fornire risposte concrete e definitive per quanto riguarda il problema della mancanza di aule.<\/p>\n","protected":false},"excerpt":{"rendered":"<p>La questione della carenza delle aule \u00e8 un problema spinoso, che si presenta ad ogni inizio di anno scolastico. Problema che il sindaco metropolitano, Cateno De Luca, vuole affrontare di petto prima del ritorno tra i banchi degli alunni. Questa mattina, a Palazzo dei Leoni, si \u00e8 svolto l\u2019incontro con i dirigenti scolastici dell\u2019Istituto comprensivo [&hellip;]<\/p>\n","protected":false},"author":15,"featured_media":22793,"comment_status":"closed","ping_status":"open","sticky":false,"template":"","format":"standard","meta":{"ub_ctt_via":"","_mi_skip_tracking":false},"categories":[7],"tags":[],"featured_image_src":"https:\/\/www.messinaoggi.it\/website\/wp-content\/uploads\/2018\/08\/de-luca-1-1.jpg","author_info":{"display_name":"red.me","author_link":"https:\/\/www.messinaoggi.it\/website\/author\/red-me\/"},"digistream_id":0,"digistream":false,"_links":{"self":[{"href":"https:\/\/www.messinaoggi.it\/website\/wp-json\/wp\/v2\/posts\/22792"}],"collection":[{"href":"https:\/\/www.messinaoggi.it\/website\/wp-json\/wp\/v2\/posts"}],"about":[{"href":"https:\/\/www.messinaoggi.it\/website\/wp-json\/wp\/v2\/types\/post"}],"author":[{"embeddable":true,"href":"https:\/\/www.messinaoggi.it\/website\/wp-json\/wp\/v2\/users\/15"}],"replies":[{"embeddable":true,"href":"https:\/\/www.messinaoggi.it\/website\/wp-json\/wp\/v2\/comments?post=22792"}],"version-history":[{"count":0,"href":"https:\/\/www.messinaoggi.it\/website\/wp-json\/wp\/v2\/posts\/22792\/revisions"}],"wp:featuredmedia":[{"embeddable":true,"href":"https:\/\/www.messinaoggi.it\/website\/wp-json\/wp\/v2\/media\/22793"}],"wp:attachment":[{"href":"https:\/\/www.messinaoggi.it\/website\/wp-json\/wp\/v2\/media?parent=22792"}],"wp:term":[{"taxonomy":"category","embeddable":true,"href":"https:\/\/www.messinaoggi.it\/website\/wp-json\/wp\/v2\/categories?post=22792"},{"taxonomy":"post_tag","embeddable":true,"href":"https:\/\/www.messinaoggi.it\/website\/wp-json\/wp\/v2\/tags?post=22792"}],"curies":[{"name":"wp","href":"https:\/\/api.w.org\/{rel}","templated":true}]}}