{"id":227887,"date":"2025-02-07T18:05:42","date_gmt":"2025-02-07T17:05:42","guid":{"rendered":"https:\/\/www.messinaoggi.it\/website\/2025\/02\/07\/ranieri-date-tempo-alla-roma-hummels-e-paredes-in-vacanza\/"},"modified":"2025-02-07T18:05:42","modified_gmt":"2025-02-07T17:05:42","slug":"ranieri-date-tempo-alla-roma-hummels-e-paredes-in-vacanza","status":"publish","type":"post","link":"https:\/\/www.messinaoggi.it\/website\/2025\/02\/07\/ranieri-date-tempo-alla-roma-hummels-e-paredes-in-vacanza\/","title":{"rendered":"Ranieri \u201cDate tempo alla Roma, Hummels e Paredes in vacanza\u201d"},"content":{"rendered":"<div>ROMA (ITALPRESS) &#8211; Gi\u00e0 eliminata dalla Coppa Italia, nona in Serie A con 31 punti, costretta a fare a meno dei propri tifosi per il divieto di trasferta e pronta a viaggiare senza due leader come Hummels e Paredes. La Roma sfider\u00e0 in queste condizioni il Venezia al &#8216;Penz\u00f2 nel lunch match di domenica (12:30) valevole per la ventiquattresima giornata di Serie A. L&#8217;assenza del tedesco e dell&#8217;argentino non \u00e8 legata ad infortuni, ma ad una decisione di Claudio Ranieri: &#8220;Non saranno convocati perch\u00e8 ho dato loro una vacanza &#8211; ha spiegato il tecnico in conferenza stampa -. Con De Rossi e Juric giocavano poco, con me hanno giocato tanto. Hanno dato tutto quello che era nelle loro possibilit\u00e0. Sono pi\u00f9 utili se adesso ricaricano le energie e passano del tempo con le loro famiglie&#8221;. Possibile chance quindi per i nuovi acquisti, su tutti Victor Nelsson (fresco di debutto a San Siro) e Lucas Gourna-Douath, ma esiste la possibilit\u00e0 che anche Anass Salah-Eddine faccia rifiatare Angelino a sinistra. Il mercato di gennaio (che ha portato anche Gollini e Rensch) \u00e8 giudicato positivamente da Ranieri perch\u00e8 i Friedkin &#8220;pi\u00f9 di quello che hanno fatto, non potevano fare&#8221;. <br \/>Sullo sfondo c&#8217;\u00e8 la problematica del fair play finanziario: &#8220;C&#8217;\u00e8 un tetto oltre il quale non si pu\u00f2 andare, questo si ripercuote sul mercato di giugno e forse anche su quello di gennaio 2026. Tutto questo se riusciamo ad aumentare le entrate e a diminuire le uscite. Dobbiamo cercare di andare avanti in Europa e ci sono molte situazioni da valutare, vedi Abraham e Calafiori, che possono permetterci di fare cassa&#8221;. L&#8217;invito di Ranieri \u00e8 di &#8220;dare tempo a questa propriet\u00e0 di fare quello che ha in mente. Anche io e il presidente volevamo Kolo Muani. Ma ci siamo resi conto che non potevamo. C&#8217;\u00e8 un palazzo a Firenze che dice una cosa meravigliosa: \u00e8 pi\u00f9 facile criticare che fare. Critichiamo il giusto, ma dobbiamo saper dire le cose&#8221;. A Venezia, per decisione del Prefetto su indicazione del Casms, la trasferta sar\u00e0 vietata ai tifosi residenti nel Lazio: &#8220;Mi dispiace che non possano venire. Purtroppo \u00e8 un guaio. Ognuno fa il suo lavoro e cerca di farlo nel migliore dei modi, non voglio entrare in campi che non conosco&#8221;. Un problema in pi\u00f9 per una Roma alla ricerca di autostima.<br \/>&#8211; Foto Ita Agency &#8211;<br \/>(ITALPRESS).<\/div>\n<div id=\"div-gpt-ad-Messinaoggi.it-DSK-300x250-corpoart\" style=\"text-align:center;margin:0 auto;\"><\/div><\/p><div id=\"videoincontent\" style=\"clear:both\";><\/div>","protected":false},"excerpt":{"rendered":"<p>ROMA (ITALPRESS) &#8211; Gi\u00e0 eliminata dalla Coppa Italia, nona in Serie A con 31 punti, costretta a fare a meno dei propri tifosi per il divieto di trasferta e pronta a viaggiare senza due leader come Hummels e Paredes. La Roma sfider\u00e0 in queste condizioni il Venezia al &#8216;Penz\u00f2 nel lunch match di domenica (12:30) [&hellip;]<\/p>\n","protected":false},"author":18,"featured_media":227888,"comment_status":"closed","ping_status":"closed","sticky":false,"template":"","format":"standard","meta":{"ub_ctt_via":"","_mi_skip_tracking":false},"categories":[446],"tags":[783],"featured_image_src":"https:\/\/www.messinaoggi.it\/website\/wp-content\/uploads\/2025\/02\/20250207_1275.jpg","author_info":{"display_name":"Admin","author_link":"https:\/\/www.messinaoggi.it\/website\/author\/admin\/"},"digistream_id":0,"digistream":false,"_links":{"self":[{"href":"https:\/\/www.messinaoggi.it\/website\/wp-json\/wp\/v2\/posts\/227887"}],"collection":[{"href":"https:\/\/www.messinaoggi.it\/website\/wp-json\/wp\/v2\/posts"}],"about":[{"href":"https:\/\/www.messinaoggi.it\/website\/wp-json\/wp\/v2\/types\/post"}],"author":[{"embeddable":true,"href":"https:\/\/www.messinaoggi.it\/website\/wp-json\/wp\/v2\/users\/18"}],"replies":[{"embeddable":true,"href":"https:\/\/www.messinaoggi.it\/website\/wp-json\/wp\/v2\/comments?post=227887"}],"version-history":[{"count":0,"href":"https:\/\/www.messinaoggi.it\/website\/wp-json\/wp\/v2\/posts\/227887\/revisions"}],"wp:featuredmedia":[{"embeddable":true,"href":"https:\/\/www.messinaoggi.it\/website\/wp-json\/wp\/v2\/media\/227888"}],"wp:attachment":[{"href":"https:\/\/www.messinaoggi.it\/website\/wp-json\/wp\/v2\/media?parent=227887"}],"wp:term":[{"taxonomy":"category","embeddable":true,"href":"https:\/\/www.messinaoggi.it\/website\/wp-json\/wp\/v2\/categories?post=227887"},{"taxonomy":"post_tag","embeddable":true,"href":"https:\/\/www.messinaoggi.it\/website\/wp-json\/wp\/v2\/tags?post=227887"}],"curies":[{"name":"wp","href":"https:\/\/api.w.org\/{rel}","templated":true}]}}