{"id":227798,"date":"2025-02-06T21:05:56","date_gmt":"2025-02-06T20:05:56","guid":{"rendered":"https:\/\/www.messinaoggi.it\/website\/2025\/02\/06\/inaugurato-il-milano-cortina-sport-village-powered-by-samsung-enel\/"},"modified":"2025-02-06T21:05:56","modified_gmt":"2025-02-06T20:05:56","slug":"inaugurato-il-milano-cortina-sport-village-powered-by-samsung-enel","status":"publish","type":"post","link":"https:\/\/www.messinaoggi.it\/website\/2025\/02\/06\/inaugurato-il-milano-cortina-sport-village-powered-by-samsung-enel\/","title":{"rendered":"Inaugurato il Milano Cortina Sport Village Powered by Samsung &amp; Enel"},"content":{"rendered":"<div>MILANO (ITALPRESS) &#8211; A un anno esatto dall&#8217;inizio delle Olimpiadi di Milano Cortina, al via il 6 febbraio 2026, Milano ha dato ufficialmente il via al conto alla rovescia. Oggi, in piazza Duomo, \u00e8 stato inaugurato il Milano Cortina 2026 Sport Village Powered by Samsung &amp; Enel. Uno spazio aperto al pubblico nel cuore del capoluogo lombardo che da domani permetter\u00e0 di vivere tutte le emozioni e l&#8217;entusiasmo degli sport invernali. Per quattro settimane turisti e cittadini milanesi potranno partecipare gratuitamente a workshop culturali e digitali, e conoscere l&#8217;hockey su ghiaccio e il curling grazie alla presenza di due campi sportivi e attraverso lezioni gratuite, della durata di trenta minuti, con gli istruttori. La cerimonia d&#8217;inaugurazione si \u00e8 tenuta alla presenza del sottosegretario per lo Sport e Giovani di Regione Lombardia Federica Picchi, dell&#8217;assessore per lo Sport del Comune di Milano Martina Riva, e dei vertici della Fondazione, di Samsung e di Enel. &#8220;Samsung \u00e8 orgogliosa di essere partner dei Giochi Olimpici da quasi tre decenni, portando innovazione per migliorare l&#8217;esperienza degli atleti e dei fan attraverso le nostre tecnologie all&#8217;avanguardia &#8211; ha dichiarato Louis Kim, Presidente di Samsung Electronics Italia -. Con il Milano Cortina 2026 Sport Village celebriamo il primo conto alla rovescia in vista dei prossimi Giochi Olimpici invernali e offriamo a tutti l&#8217;opportunit\u00e0 di vivere l&#8217;emozione olimpica in modo coinvolgente, dando vita a nuove esperienze e connessioni significative&#8221;, ha aggiunto. &#8220;Da oggi ufficialmente inizia il countdown, un anno di tempo per arrivare alle Olimpiadi. Oggi l&#8217;impegno di Samsung \u00e8 quello di coinvolgere pi\u00f9 persone possibile, in spazi come questo, lo Sport Village &#8211; ha sottolineato Nicol\u00f2 Bellorini, Vicepresidente della divisione Mobile di Samsung Electronics Italia -. Qui tutti potranno scoprire la storia delle Olimpiadi, i segreti degli atleti e anche provare degli sport invernali come il curling e l&#8217;hockey su ghiaccio. Ma anche provare, all&#8217;interno del nostro spazio, le tecnologie di Samsung&#8221;.<br \/>&#8220;Stiamo lavorando a questo evento da 4 anni. Stiamo preparando infrastrutture elettriche importanti, che poi resteranno ai territori che ospiteranno le Olimpiadi&#8221;, ha evidenziato Nicola Lanzetta, direttore Italia di Enel. <br \/>&#8220;E&#8217; una giornata piena di emozioni, da molto tempo stiamo lavorando a questo progetto. Il curling e l&#8217;hockey animeranno i giochi del prossimo anno. La possibilit\u00e0 di sperimentarli e di vederli \u00e8 importantissimo perch\u00e8 ci auguriamo che il pubblico seguir\u00e0 le competizioni e gli atleti&#8221;, ha detto Andrea Varnier, ad di Milano Cortina 2026. <br \/>&#8220;Grazie agli sponsor, a Fondazione Milano Cortina, alla citt\u00e0 di Milano per ospitare l&#8217;evento. Siamo qui a celebrare un countdown ma il lavoro \u00e8 stato importante e silenzioso. A budget c&#8217;\u00e8 un miliardo di indotto per lo sport e altrettanto per tutti gli altri settori, come l&#8217;accoglienza. I dati sono molto invitanti&#8221;, ha detto il sottosegretario per lo Sport di Regione Lombardia Federica Picchi. Il Villaggio sar\u00e0 aperto tutti i giorni fino al 6 marzo 2025.\u00a0 <div id=\"div-gpt-ad-Messinaoggi.it-DSK-300x250-corpoart\" style=\"text-align:center;margin:0 auto;\"><\/div><\/p>\n<p>&#8211; foto xp9\/Italpress &#8211;<br \/>(ITALPRESS).<\/div>\n<div id=\"videoincontent\" style=\"clear:both\";><\/div>","protected":false},"excerpt":{"rendered":"<p>MILANO (ITALPRESS) &#8211; A un anno esatto dall&#8217;inizio delle Olimpiadi di Milano Cortina, al via il 6 febbraio 2026, Milano ha dato ufficialmente il via al conto alla rovescia. Oggi, in piazza Duomo, \u00e8 stato inaugurato il Milano Cortina 2026 Sport Village Powered by Samsung &amp; Enel. Uno spazio aperto al pubblico nel cuore del [&hellip;]<\/p>\n","protected":false},"author":18,"featured_media":227799,"comment_status":"closed","ping_status":"closed","sticky":false,"template":"","format":"standard","meta":{"ub_ctt_via":"","_mi_skip_tracking":false},"categories":[446],"tags":[783],"featured_image_src":"https:\/\/www.messinaoggi.it\/website\/wp-content\/uploads\/2025\/02\/20250206_2866.jpg","author_info":{"display_name":"Admin","author_link":"https:\/\/www.messinaoggi.it\/website\/author\/admin\/"},"digistream_id":0,"digistream":false,"_links":{"self":[{"href":"https:\/\/www.messinaoggi.it\/website\/wp-json\/wp\/v2\/posts\/227798"}],"collection":[{"href":"https:\/\/www.messinaoggi.it\/website\/wp-json\/wp\/v2\/posts"}],"about":[{"href":"https:\/\/www.messinaoggi.it\/website\/wp-json\/wp\/v2\/types\/post"}],"author":[{"embeddable":true,"href":"https:\/\/www.messinaoggi.it\/website\/wp-json\/wp\/v2\/users\/18"}],"replies":[{"embeddable":true,"href":"https:\/\/www.messinaoggi.it\/website\/wp-json\/wp\/v2\/comments?post=227798"}],"version-history":[{"count":0,"href":"https:\/\/www.messinaoggi.it\/website\/wp-json\/wp\/v2\/posts\/227798\/revisions"}],"wp:featuredmedia":[{"embeddable":true,"href":"https:\/\/www.messinaoggi.it\/website\/wp-json\/wp\/v2\/media\/227799"}],"wp:attachment":[{"href":"https:\/\/www.messinaoggi.it\/website\/wp-json\/wp\/v2\/media?parent=227798"}],"wp:term":[{"taxonomy":"category","embeddable":true,"href":"https:\/\/www.messinaoggi.it\/website\/wp-json\/wp\/v2\/categories?post=227798"},{"taxonomy":"post_tag","embeddable":true,"href":"https:\/\/www.messinaoggi.it\/website\/wp-json\/wp\/v2\/tags?post=227798"}],"curies":[{"name":"wp","href":"https:\/\/api.w.org\/{rel}","templated":true}]}}