{"id":227796,"date":"2025-02-06T21:05:53","date_gmt":"2025-02-06T20:05:53","guid":{"rendered":"https:\/\/www.messinaoggi.it\/website\/2025\/02\/06\/one-year-to-go-tra-un-anno-al-via-olimpiadi-milano-cortina\/"},"modified":"2025-02-06T21:05:53","modified_gmt":"2025-02-06T20:05:53","slug":"one-year-to-go-tra-un-anno-al-via-olimpiadi-milano-cortina","status":"publish","type":"post","link":"https:\/\/www.messinaoggi.it\/website\/2025\/02\/06\/one-year-to-go-tra-un-anno-al-via-olimpiadi-milano-cortina\/","title":{"rendered":"\u201cOne Year to go\u201d, tra un anno al via Olimpiadi Milano-Cortina"},"content":{"rendered":"<div>MILANO (ITALPRESS) &#8211; E&#8217; partito oggi il countdown ufficiale in vista dei Giochi invernali di Milano Cortina 2026. A un anno esatto dalla cerimonia di apertura che si svolger\u00e0 allo stadio San Siro, \u00e8 stato celebrato l&#8217;evento &#8220;One Year to Go&#8221;: nell&#8217;iconico Teatro Strehler di Milano il Presidente del CIO Thomas Bach ha consegnato simbolicamente gli inviti ai presidenti e ai rappresentanti dei NOC nel corso di una cerimonia a porte chiuse alla presenza delle massime autorit\u00e0 dei territori ospitanti e della Fondazione Milano Cortina 2026. &#8220;Carissimi amici &#8211; ha dichiarato Bach nel suo discorso d&#8217;apertura -, Pierre de Coubertin disse &#8220;i giochi sono un pellegrinaggio nel passato e un atto di fede del futuro&#8221;. I giochi Olimpici di Milano Cortina incarnano questa visione, basandosi sulla grande eredit\u00e0 sportiva dell&#8217;Italia. Questi saranno i primi giochi a beneficiare delle riforme della nostra agenda Olimpica. Insieme a tutti non vediamo l&#8217;ora che arrivino i Giochi&#8221;. Presente anche il presidente del Coni e della Fondazione Milano Cortina 2026 Giovanni Malag\u00f2, il sindaco di Milano Giuseppe Sala, il vicepremier e ministro delle Infrastrutture e dei Trasporti Matteo Salvini, il presidente della Regione Veneto Luca Zaia, il presidente della Provincia autonoma di Trento Maurizio Fugatti, il presidente della Provincia autonoma di Bolzano Arno Kompatscher, il sindaco di Cortina Gianluca Lorenzi e il presidente della Regione Lombardia Attilio Fontana. <br \/>&#8220;A nome di tutta la squadra della Fondazione siamo consci delle responsabilit\u00e0 che abbiamo per rispettare e anzi migliorare le enormi aspettative &#8211; ha aggiunto Malag\u00f2 -. Siamo consapevoli delle tante cose che sono ancora da fare da qui a un anno, ma il nostro obiettivo \u00e8 che l&#8217;Italia esca in modo meraviglioso agli occhi del mondo. E lo sport \u00e8 il modo migliore per fare tutto questo&#8221;. Un grande evento, dunque, per entrare nell&#8217;ottica della manifestazione a cinque cerchi: tanti gli eventi collaterali, a partire dal countdown a pochi passi dal Duomo di Milano, con l&#8217;orologio ufficiale che scandir\u00e0 giorni, ore e minuti in vista della grande apertura. Da oggi si partir\u00e0 anche con una nuova fase relativa ai biglietti, le oltre 350.000 persone che si sono registrate sulla piattaforma ufficiale riceveranno una finestra temporale dedicata per l&#8217;acquisto dei biglietti dei prossimi Giochi Olimpici Invernali. La vendita libera per le Olimpiadi sar\u00e0 aperta invece ad aprile. Nel pomeriggio \u00e8 stato inoltre inaugurato anche il Milano Cortina 2026 Sport Village Powered by Samsung &amp; Enel, uno spazio aperto al pubblico nel cuore di Piazza Duomo che permetter\u00e0 di vivere tutte le emozioni e l&#8217;entusiasmo degli sport invernali. Per quattro settimane turisti e cittadini milanesi potranno dunque partecipare gratuitamente a workshop culturali e digitali, ma soprattutto potranno cimentarsi in due discipline Olimpiche come l&#8217;hockey su ghiaccio e il curling. <br \/>&#8220;Saranno 365 giorni che viaggeranno molto velocemente &#8211; ha ribadito il ministro dello Sport e i Giovani Andrea Abodi -, un anno sembra lungo ma passer\u00e0 in fretta e dobbiamo ancora fare delle cose. Non dobbiamo nasconderci, ma possiamo contare su questo spirito di collaborazione per affrontare i rischi di questo periodo in cui non possiamo sbagliare. Ma sono convinto che arriveremo in tempo e nelle giuste condizioni per far diventare questo evento straordinario&#8221;, ha concluso.<br \/>&#8211; foto uff st Milano Cortina 2026 &#8211;<br \/>(ITALPRESS).<\/div>\n<div id=\"div-gpt-ad-Messinaoggi.it-DSK-300x250-corpoart\" style=\"text-align:center;margin:0 auto;\"><\/div><\/p><div id=\"videoincontent\" style=\"clear:both\";><\/div>","protected":false},"excerpt":{"rendered":"<p>MILANO (ITALPRESS) &#8211; E&#8217; partito oggi il countdown ufficiale in vista dei Giochi invernali di Milano Cortina 2026. A un anno esatto dalla cerimonia di apertura che si svolger\u00e0 allo stadio San Siro, \u00e8 stato celebrato l&#8217;evento &#8220;One Year to Go&#8221;: nell&#8217;iconico Teatro Strehler di Milano il Presidente del CIO Thomas Bach ha consegnato simbolicamente [&hellip;]<\/p>\n","protected":false},"author":18,"featured_media":227797,"comment_status":"closed","ping_status":"closed","sticky":false,"template":"","format":"standard","meta":{"ub_ctt_via":"","_mi_skip_tracking":false},"categories":[446],"tags":[783],"featured_image_src":"https:\/\/www.messinaoggi.it\/website\/wp-content\/uploads\/2025\/02\/20250206_2859.jpg","author_info":{"display_name":"Admin","author_link":"https:\/\/www.messinaoggi.it\/website\/author\/admin\/"},"digistream_id":0,"digistream":false,"_links":{"self":[{"href":"https:\/\/www.messinaoggi.it\/website\/wp-json\/wp\/v2\/posts\/227796"}],"collection":[{"href":"https:\/\/www.messinaoggi.it\/website\/wp-json\/wp\/v2\/posts"}],"about":[{"href":"https:\/\/www.messinaoggi.it\/website\/wp-json\/wp\/v2\/types\/post"}],"author":[{"embeddable":true,"href":"https:\/\/www.messinaoggi.it\/website\/wp-json\/wp\/v2\/users\/18"}],"replies":[{"embeddable":true,"href":"https:\/\/www.messinaoggi.it\/website\/wp-json\/wp\/v2\/comments?post=227796"}],"version-history":[{"count":0,"href":"https:\/\/www.messinaoggi.it\/website\/wp-json\/wp\/v2\/posts\/227796\/revisions"}],"wp:featuredmedia":[{"embeddable":true,"href":"https:\/\/www.messinaoggi.it\/website\/wp-json\/wp\/v2\/media\/227797"}],"wp:attachment":[{"href":"https:\/\/www.messinaoggi.it\/website\/wp-json\/wp\/v2\/media?parent=227796"}],"wp:term":[{"taxonomy":"category","embeddable":true,"href":"https:\/\/www.messinaoggi.it\/website\/wp-json\/wp\/v2\/categories?post=227796"},{"taxonomy":"post_tag","embeddable":true,"href":"https:\/\/www.messinaoggi.it\/website\/wp-json\/wp\/v2\/tags?post=227796"}],"curies":[{"name":"wp","href":"https:\/\/api.w.org\/{rel}","templated":true}]}}