{"id":227792,"date":"2025-02-06T21:05:46","date_gmt":"2025-02-06T20:05:46","guid":{"rendered":"https:\/\/www.messinaoggi.it\/website\/2025\/02\/06\/via-libera-dalla-camera-al-dl-cultura-ora-passa-al-senato\/"},"modified":"2025-02-06T21:05:46","modified_gmt":"2025-02-06T20:05:46","slug":"via-libera-dalla-camera-al-dl-cultura-ora-passa-al-senato","status":"publish","type":"post","link":"https:\/\/www.messinaoggi.it\/website\/2025\/02\/06\/via-libera-dalla-camera-al-dl-cultura-ora-passa-al-senato\/","title":{"rendered":"Via libera dalla Camera al Dl Cultura, ora passa al Senato"},"content":{"rendered":"<div>ROMA (ITALPRESS) &#8211; L&#8217;Aula della Camera, con 149 voti favorevoli e 98 contrari, ha approvato il disegno di legge di conversione in legge, con modificazioni, del decreto 27 dicembre 2024, n. 201, recante misure urgenti in materia di cultura. Il provvedimento passa ora al Senato. &#8220;L&#8217;approvazione da parte della Camera del Decreto Cultura, mi rende orgoglioso e soddisfatto. Un ringraziamento va alla commissione Cultura per l&#8217;intensa opera di miglioramento del testo e all&#8217;Aula per il confronto serrato e approfondito. Il dato positivo del dibattito, che va oltre le critiche pi\u00f9 che legittime emerse da questa discussione, \u00e8 che la parola Olivetti non risuonava in questo Parlamento da molti decenni. Confido che anche al Senato ci sar\u00e0 la medesima attenzione verso il decreto&#8221;, afferma il ministro della Cultura, Alessandro Giuli.<br \/>-foto Ipa Agency &#8211;<br \/>(ITALPRESS).<\/div>\n<div id=\"div-gpt-ad-Messinaoggi.it-DSK-300x250-corpoart\" style=\"text-align:center;margin:0 auto;\"><\/div><\/p><div id=\"videoincontent\" style=\"clear:both\";><\/div>","protected":false},"excerpt":{"rendered":"<p>ROMA (ITALPRESS) &#8211; L&#8217;Aula della Camera, con 149 voti favorevoli e 98 contrari, ha approvato il disegno di legge di conversione in legge, con modificazioni, del decreto 27 dicembre 2024, n. 201, recante misure urgenti in materia di cultura. Il provvedimento passa ora al Senato. &#8220;L&#8217;approvazione da parte della Camera del Decreto Cultura, mi rende [&hellip;]<\/p>\n","protected":false},"author":18,"featured_media":227793,"comment_status":"closed","ping_status":"closed","sticky":false,"template":"","format":"standard","meta":{"ub_ctt_via":"","_mi_skip_tracking":false},"categories":[446],"tags":[783],"featured_image_src":"https:\/\/www.messinaoggi.it\/website\/wp-content\/uploads\/2025\/02\/20250206_2671.jpg","author_info":{"display_name":"Admin","author_link":"https:\/\/www.messinaoggi.it\/website\/author\/admin\/"},"digistream_id":0,"digistream":false,"_links":{"self":[{"href":"https:\/\/www.messinaoggi.it\/website\/wp-json\/wp\/v2\/posts\/227792"}],"collection":[{"href":"https:\/\/www.messinaoggi.it\/website\/wp-json\/wp\/v2\/posts"}],"about":[{"href":"https:\/\/www.messinaoggi.it\/website\/wp-json\/wp\/v2\/types\/post"}],"author":[{"embeddable":true,"href":"https:\/\/www.messinaoggi.it\/website\/wp-json\/wp\/v2\/users\/18"}],"replies":[{"embeddable":true,"href":"https:\/\/www.messinaoggi.it\/website\/wp-json\/wp\/v2\/comments?post=227792"}],"version-history":[{"count":0,"href":"https:\/\/www.messinaoggi.it\/website\/wp-json\/wp\/v2\/posts\/227792\/revisions"}],"wp:featuredmedia":[{"embeddable":true,"href":"https:\/\/www.messinaoggi.it\/website\/wp-json\/wp\/v2\/media\/227793"}],"wp:attachment":[{"href":"https:\/\/www.messinaoggi.it\/website\/wp-json\/wp\/v2\/media?parent=227792"}],"wp:term":[{"taxonomy":"category","embeddable":true,"href":"https:\/\/www.messinaoggi.it\/website\/wp-json\/wp\/v2\/categories?post=227792"},{"taxonomy":"post_tag","embeddable":true,"href":"https:\/\/www.messinaoggi.it\/website\/wp-json\/wp\/v2\/tags?post=227792"}],"curies":[{"name":"wp","href":"https:\/\/api.w.org\/{rel}","templated":true}]}}