{"id":227790,"date":"2025-02-06T21:05:42","date_gmt":"2025-02-06T20:05:42","guid":{"rendered":"https:\/\/www.messinaoggi.it\/website\/2025\/02\/06\/almasri-schlein-meloni-si-e-nascosta-ma-deve-chiarire\/"},"modified":"2025-02-06T21:05:42","modified_gmt":"2025-02-06T20:05:42","slug":"almasri-schlein-meloni-si-e-nascosta-ma-deve-chiarire","status":"publish","type":"post","link":"https:\/\/www.messinaoggi.it\/website\/2025\/02\/06\/almasri-schlein-meloni-si-e-nascosta-ma-deve-chiarire\/","title":{"rendered":"Almasri, Schlein \u201cMeloni si \u00e8 nascosta ma deve chiarire\u201d"},"content":{"rendered":"<div>ROMA (ITALPRESS) &#8211; &#8220;Le parole pronunciate ieri da Nordio hanno aperto uno scontro senza precedenti con la Cpi, frutto delle contraddizioni del Governo e della scelta che Meloni non ha avuto il coraggio di spiegare&#8221;. Cos\u00ec la segretaria del Pd Elly Schlein sulla vicenda Almasri.<br \/>&#8220;La verit\u00e0 &#8211; aggiunge &#8211; \u00e8 sotto gli occhi di tutti: Giorgia Meloni ha impedito che un criminale internazionale venisse assicurato alla giustizia, riaccompagnandolo con tutti gli onori laddove pu\u00f2 continuare a commettere i suoi crimini. Quello che vogliamo ribadire, ancora una volta, \u00e8 che l&#8217;informativa di ieri non ha chiarito nulla, semmai ha aumentato lo sconcerto: Nordio e Piantedosi si sono presentati con due linee diverse e confliggenti l&#8217;una con l&#8217;altra.<br \/>Per questo ancora una volta ribadiamo che \u00e8 Giorgia Meloni a dover rispondere politicamente della vicenda. Davanti al Parlamento e al Paese, basta nascondersi, non parla ormai da giorni, \u00e8 ora che finalmente chiarisca questa vicenda&#8221;.<br \/>-foto Ipa Agency &#8211;<br \/>(ITALPRESS).<\/div>\n<div id=\"div-gpt-ad-Messinaoggi.it-DSK-300x250-corpoart\" style=\"text-align:center;margin:0 auto;\"><\/div><\/p><div id=\"videoincontent\" style=\"clear:both\";><\/div>","protected":false},"excerpt":{"rendered":"<p>ROMA (ITALPRESS) &#8211; &#8220;Le parole pronunciate ieri da Nordio hanno aperto uno scontro senza precedenti con la Cpi, frutto delle contraddizioni del Governo e della scelta che Meloni non ha avuto il coraggio di spiegare&#8221;. Cos\u00ec la segretaria del Pd Elly Schlein sulla vicenda Almasri.&#8220;La verit\u00e0 &#8211; aggiunge &#8211; \u00e8 sotto gli occhi di tutti: [&hellip;]<\/p>\n","protected":false},"author":18,"featured_media":227791,"comment_status":"closed","ping_status":"closed","sticky":false,"template":"","format":"standard","meta":{"ub_ctt_via":"","_mi_skip_tracking":false},"categories":[446],"tags":[783],"featured_image_src":"https:\/\/www.messinaoggi.it\/website\/wp-content\/uploads\/2025\/02\/20250206_2625.jpg","author_info":{"display_name":"Admin","author_link":"https:\/\/www.messinaoggi.it\/website\/author\/admin\/"},"digistream_id":0,"digistream":false,"_links":{"self":[{"href":"https:\/\/www.messinaoggi.it\/website\/wp-json\/wp\/v2\/posts\/227790"}],"collection":[{"href":"https:\/\/www.messinaoggi.it\/website\/wp-json\/wp\/v2\/posts"}],"about":[{"href":"https:\/\/www.messinaoggi.it\/website\/wp-json\/wp\/v2\/types\/post"}],"author":[{"embeddable":true,"href":"https:\/\/www.messinaoggi.it\/website\/wp-json\/wp\/v2\/users\/18"}],"replies":[{"embeddable":true,"href":"https:\/\/www.messinaoggi.it\/website\/wp-json\/wp\/v2\/comments?post=227790"}],"version-history":[{"count":0,"href":"https:\/\/www.messinaoggi.it\/website\/wp-json\/wp\/v2\/posts\/227790\/revisions"}],"wp:featuredmedia":[{"embeddable":true,"href":"https:\/\/www.messinaoggi.it\/website\/wp-json\/wp\/v2\/media\/227791"}],"wp:attachment":[{"href":"https:\/\/www.messinaoggi.it\/website\/wp-json\/wp\/v2\/media?parent=227790"}],"wp:term":[{"taxonomy":"category","embeddable":true,"href":"https:\/\/www.messinaoggi.it\/website\/wp-json\/wp\/v2\/categories?post=227790"},{"taxonomy":"post_tag","embeddable":true,"href":"https:\/\/www.messinaoggi.it\/website\/wp-json\/wp\/v2\/tags?post=227790"}],"curies":[{"name":"wp","href":"https:\/\/api.w.org\/{rel}","templated":true}]}}