{"id":22779,"date":"2018-08-01T18:04:03","date_gmt":"2018-08-01T16:04:03","guid":{"rendered":"http:\/\/www.messinaoggi.it\/website\/?p=22779"},"modified":"2018-08-01T18:04:03","modified_gmt":"2018-08-01T16:04:03","slug":"de-luca-pronto-a-rivoltare-come-un-calzino-palazzo-dei-leoni-risparmio-da-170mila-euro","status":"publish","type":"post","link":"https:\/\/www.messinaoggi.it\/website\/2018\/08\/01\/de-luca-pronto-a-rivoltare-come-un-calzino-palazzo-dei-leoni-risparmio-da-170mila-euro\/","title":{"rendered":"De Luca pronto a rivoltare come un calzino Palazzo dei Leoni: risparmio da 170mila euro"},"content":{"rendered":"<p>Palazzo dei Leoni, incontro tecnico per la riorganizzazione degli uffici e degli spazi dell\u2019Ente. Si \u00e8 riusciti ad ottenere un taglio dei costi di 170mila euro.<br \/>\nIl Sindaco metropolitano Cateno De Luca ha convocato i Funzionari dei servizi tecnici per fare il punto sulla riorganizzazione degli spazi degli uffici dell\u2019Ente.<br \/>\nDalla riorganizzazione degli uffici e degli spazi, attualmente in dotazione alla Citt\u00e0 Metropolitana,e soprattutto, \u00e8 stata trovata la soluzione di liberare l\u2019 ex IAI per metterlo a disposizione dell\u2019Istituto \u201cSeguenza\u201d. Da questa riorganizzazione si otterr\u00e0 anche oltre il 50% di disponibilit\u00e0 dell\u2019immobile del Don Orione.<br \/>\nIn quest\u2019ottica di razionalizzazione e riorganizzazione degli uffici, promossa dal Sindaco, \u00e8 stato eliminato il costo di circa 450mila euro l\u2019anno per la pulizia dei locali della Citt\u00e0 Metropolitana, che sar\u00e0 ripristinato con una gestione in house con personale gi\u00e0 in servizio.<br \/>\nDi conseguenza, ha affermato De Luca, si andr\u00e0 avanti, perci\u00f2, si \u00e8 dato mandato agli uffici di ragioneria di individuare tutte le altre attivit\u00e0 che sono state, sino ad ora, esternalizzate, per continuare in quest\u2019ottica del taglio dei costi.<br \/>\nInoltre, gli uffici e i servizi saranno tutti concentrati nelle strutture di Palazzo dei Leoni e di via XXIV Maggio, con lo spostamento della Polizia Metropolitana all\u2019interno del Palazzo Istituzionale.<div id=\"div-gpt-ad-Messinaoggi.it-DSK-300x250-corpoart\" style=\"text-align:center;margin:0 auto;\"><\/div><\/p>\n<div id=\"videoincontent\" style=\"clear:both\";><\/div>","protected":false},"excerpt":{"rendered":"<p>Palazzo dei Leoni, incontro tecnico per la riorganizzazione degli uffici e degli spazi dell\u2019Ente. Si \u00e8 riusciti ad ottenere un taglio dei costi di 170mila euro. Il Sindaco metropolitano Cateno De Luca ha convocato i Funzionari dei servizi tecnici per fare il punto sulla riorganizzazione degli spazi degli uffici dell\u2019Ente. Dalla riorganizzazione degli uffici e [&hellip;]<\/p>\n","protected":false},"author":15,"featured_media":10351,"comment_status":"closed","ping_status":"open","sticky":false,"template":"","format":"standard","meta":{"ub_ctt_via":"","_mi_skip_tracking":false},"categories":[6],"tags":[],"featured_image_src":"https:\/\/www.messinaoggi.it\/website\/wp-content\/uploads\/2017\/10\/palazzo-della-provincia-di-messinaRRP_1717.jpg","author_info":{"display_name":"red.me","author_link":"https:\/\/www.messinaoggi.it\/website\/author\/red-me\/"},"digistream_id":0,"digistream":false,"_links":{"self":[{"href":"https:\/\/www.messinaoggi.it\/website\/wp-json\/wp\/v2\/posts\/22779"}],"collection":[{"href":"https:\/\/www.messinaoggi.it\/website\/wp-json\/wp\/v2\/posts"}],"about":[{"href":"https:\/\/www.messinaoggi.it\/website\/wp-json\/wp\/v2\/types\/post"}],"author":[{"embeddable":true,"href":"https:\/\/www.messinaoggi.it\/website\/wp-json\/wp\/v2\/users\/15"}],"replies":[{"embeddable":true,"href":"https:\/\/www.messinaoggi.it\/website\/wp-json\/wp\/v2\/comments?post=22779"}],"version-history":[{"count":0,"href":"https:\/\/www.messinaoggi.it\/website\/wp-json\/wp\/v2\/posts\/22779\/revisions"}],"wp:featuredmedia":[{"embeddable":true,"href":"https:\/\/www.messinaoggi.it\/website\/wp-json\/wp\/v2\/media\/10351"}],"wp:attachment":[{"href":"https:\/\/www.messinaoggi.it\/website\/wp-json\/wp\/v2\/media?parent=22779"}],"wp:term":[{"taxonomy":"category","embeddable":true,"href":"https:\/\/www.messinaoggi.it\/website\/wp-json\/wp\/v2\/categories?post=22779"},{"taxonomy":"post_tag","embeddable":true,"href":"https:\/\/www.messinaoggi.it\/website\/wp-json\/wp\/v2\/tags?post=22779"}],"curies":[{"name":"wp","href":"https:\/\/api.w.org\/{rel}","templated":true}]}}