{"id":227726,"date":"2025-02-06T13:05:42","date_gmt":"2025-02-06T12:05:42","guid":{"rendered":"https:\/\/www.messinaoggi.it\/website\/2025\/02\/06\/salvini-chi-ride-di-trump-presto-dovra-chiedergli-scusa\/"},"modified":"2025-02-06T13:05:42","modified_gmt":"2025-02-06T12:05:42","slug":"salvini-chi-ride-di-trump-presto-dovra-chiedergli-scusa","status":"publish","type":"post","link":"https:\/\/www.messinaoggi.it\/website\/2025\/02\/06\/salvini-chi-ride-di-trump-presto-dovra-chiedergli-scusa\/","title":{"rendered":"Salvini \u201cChi ride di Trump presto dovr\u00e0 chiedergli scusa\u201d"},"content":{"rendered":"<div>ROMA (ITALPRESS) &#8211; &#8220;Al di l\u00e0 di quello che alcuni media raccontano di Trump, dipingendolo da anni come un tipo strano,<br \/>\nse&#8221; le sue parole &#8220;servono a riavvicinare la pace ben vengano. La soluzione con due popoli che convivranno pacificamente \u00e8 chiaro che \u00e8 l&#8217;unica che garantir\u00e0 equilibrio, ma il presupposto \u00e8 sradicare il terrorismo islamico da quella terra perch\u00e8 le prime vittime sono proprio i bambini palestinesi e le loro madri, tenuti in ostaggio dal terrorismo. Quindi l&#8217;idea di liberare Gaza dall&#8217;estremismo islamico e restituirla a chi ci vuole vivere pacificamente se ci riuscir\u00e0 \u00e8 da Nobel per la pace&#8221;.<br \/>\nCos\u00ec il vicepremier e ministro Matteo Salvini, ospite a &#8220;Non stop news&#8221; su Rtl 102,5, in merito a quanto detto dal presidente Usa su Gaza. &#8220;Cos\u00ec come se riuscir\u00e0 a porre fine alla guerra fra Russia e Ucraina, e penso che sar\u00e0 cos\u00ec, sar\u00e0 una grande boccata di ossigeno dal punto di vista umanitario ma anche commerciale anche per l&#8217;Italia. Quindi quelli che ridono di Trump e lo deridono penso che fra qualche mese dovranno chiedere scusa a qualcuno&#8221;, ha aggiunto. Secondo Salvini, inoltre, &#8220;Musk pu\u00f2 essere utile all&#8217;Italia perch\u00e8 con i suoi satelliti di Starlink pu\u00f2 connettere il Paese. Oggi fare un viaggio, anche sull&#8217;Alta velocit\u00e0, con una telefonata, un&#8217;operazione di lavoro connessi alla rete sostanzialmente \u00e8 impossibile. Quindi avere un operatore economico, che ha migliaia di satelliti, che possa aiutare gli italiani a lavorare e a comunicare meglio \u00e8 utile. Dire, da parte della sinistra, non voglio parlare con Musk perch\u00e8 mi sta antipatico e sta con Trump, significa negare a milioni di italiani la possibilit\u00e0 di connettersi e comunicare&#8221;, ha concluso.<br \/>\n(ITALPRESS).<br \/>\n-Foto: Ipa Agency-<\/div>\n<div id=\"div-gpt-ad-Messinaoggi.it-DSK-300x250-corpoart\" style=\"text-align:center;margin:0 auto;\"><\/div><\/p><div id=\"videoincontent\" style=\"clear:both\";><\/div>","protected":false},"excerpt":{"rendered":"<p>ROMA (ITALPRESS) &#8211; &#8220;Al di l\u00e0 di quello che alcuni media raccontano di Trump, dipingendolo da anni come un tipo strano, se&#8221; le sue parole &#8220;servono a riavvicinare la pace ben vengano. La soluzione con due popoli che convivranno pacificamente \u00e8 chiaro che \u00e8 l&#8217;unica che garantir\u00e0 equilibrio, ma il presupposto \u00e8 sradicare il terrorismo [&hellip;]<\/p>\n","protected":false},"author":18,"featured_media":227727,"comment_status":"closed","ping_status":"closed","sticky":false,"template":"","format":"standard","meta":{"ub_ctt_via":"","_mi_skip_tracking":false},"categories":[446],"tags":[783],"featured_image_src":"https:\/\/www.messinaoggi.it\/website\/wp-content\/uploads\/2025\/02\/20250206_0159.jpg","author_info":{"display_name":"Admin","author_link":"https:\/\/www.messinaoggi.it\/website\/author\/admin\/"},"digistream_id":0,"digistream":false,"_links":{"self":[{"href":"https:\/\/www.messinaoggi.it\/website\/wp-json\/wp\/v2\/posts\/227726"}],"collection":[{"href":"https:\/\/www.messinaoggi.it\/website\/wp-json\/wp\/v2\/posts"}],"about":[{"href":"https:\/\/www.messinaoggi.it\/website\/wp-json\/wp\/v2\/types\/post"}],"author":[{"embeddable":true,"href":"https:\/\/www.messinaoggi.it\/website\/wp-json\/wp\/v2\/users\/18"}],"replies":[{"embeddable":true,"href":"https:\/\/www.messinaoggi.it\/website\/wp-json\/wp\/v2\/comments?post=227726"}],"version-history":[{"count":0,"href":"https:\/\/www.messinaoggi.it\/website\/wp-json\/wp\/v2\/posts\/227726\/revisions"}],"wp:featuredmedia":[{"embeddable":true,"href":"https:\/\/www.messinaoggi.it\/website\/wp-json\/wp\/v2\/media\/227727"}],"wp:attachment":[{"href":"https:\/\/www.messinaoggi.it\/website\/wp-json\/wp\/v2\/media?parent=227726"}],"wp:term":[{"taxonomy":"category","embeddable":true,"href":"https:\/\/www.messinaoggi.it\/website\/wp-json\/wp\/v2\/categories?post=227726"},{"taxonomy":"post_tag","embeddable":true,"href":"https:\/\/www.messinaoggi.it\/website\/wp-json\/wp\/v2\/tags?post=227726"}],"curies":[{"name":"wp","href":"https:\/\/api.w.org\/{rel}","templated":true}]}}