{"id":22770,"date":"2018-08-01T16:34:08","date_gmt":"2018-08-01T14:34:08","guid":{"rendered":"http:\/\/www.messinaoggi.it\/website\/?p=22770"},"modified":"2018-08-01T16:34:08","modified_gmt":"2018-08-01T14:34:08","slug":"de-luca-incontra-vertici-anas-e-sindaci-fascia-jonica","status":"publish","type":"post","link":"https:\/\/www.messinaoggi.it\/website\/2018\/08\/01\/de-luca-incontra-vertici-anas-e-sindaci-fascia-jonica\/","title":{"rendered":"De Luca incontra vertici ANAS e sindaci fascia Jonica"},"content":{"rendered":"<p>Incontro del Sindaco Metropolitano, Cateno De Luca, con i rappresentanti dell\u2019ANAS e i Sindaci della fascia Jonica sul problema della messa in sicurezza della S.S. 114 in relazione ai recenti eventi franosi che hanno riguardato l\u2019importante arteria nei pressi di capo Al\u00ec.<br \/>\nAi rappresentanti dell\u2019ANAS \u00e8 stato fatto presente che non sar\u00e0 pi\u00f9 accettato che vengano effettuati interventi tampone per la messa in sicurezza del costone roccioso che sovrasta la strada statale into<span class=\"text_exposed_show\">rno a capo Al\u00ec, effettuati con l\u2019utilizzo di reti, che negli ultimi dieci anni si sono dimostrate non adeguate alla soluzione del problema e con una spesa complessiva dei vari interventi che supera i cinque milioni di euro. Gi\u00e0 nel 2010 era stata prospettata la soluzione di una galleria paramassi del costo di circa 6 milioni di euro per quanto riguarda capo Al\u00ec.<br \/>\n<\/span><br \/>\n<span class=\"text_exposed_show\">Ai funzionari dell\u2019ANAS \u00e8 stato rappresentato che oggi il territorio richieste una soluzione definitiva del problema, ovvero che vengano realizzate le gallerie paramassi sia per quanto riguarda capo Al\u00ec, sia per quanto riguarda capo Scaletta. La citt\u00e0 Metropolitana e i Comuni interessati si sono impegnati a fornire all\u2019ANAS tutta la documentazione relativa ai progetti, per capo Al\u00ec si tratta di un progetto preliminare con relativa relazione geologica, per quanto riguarda capo Scaletta \u00e8 stato gi\u00e0 redatto un progetto definitivo con tutti i pareri gi\u00e0 acquisti. La riunione \u00e8 stata aggiornata a fine agosto, quando daranno disponibili le risultanze della riunione fissata a Palermo giorno 9 per un approfondimento a livello regionale, ed in quella data sar\u00e0 consegnata tutta la documentazione relativa ai progetti delle due gallerie paramassi<\/span><div id=\"div-gpt-ad-Messinaoggi.it-DSK-300x250-corpoart\" style=\"text-align:center;margin:0 auto;\"><\/div><\/p>\n<div id=\"videoincontent\" style=\"clear:both\";><\/div>","protected":false},"excerpt":{"rendered":"<p>Incontro del Sindaco Metropolitano, Cateno De Luca, con i rappresentanti dell\u2019ANAS e i Sindaci della fascia Jonica sul problema della messa in sicurezza della S.S. 114 in relazione ai recenti eventi franosi che hanno riguardato l\u2019importante arteria nei pressi di capo Al\u00ec. Ai rappresentanti dell\u2019ANAS \u00e8 stato fatto presente che non sar\u00e0 pi\u00f9 accettato che [&hellip;]<\/p>\n","protected":false},"author":15,"featured_media":22771,"comment_status":"closed","ping_status":"open","sticky":false,"template":"","format":"standard","meta":{"ub_ctt_via":"","_mi_skip_tracking":false},"categories":[4],"tags":[],"featured_image_src":"https:\/\/www.messinaoggi.it\/website\/wp-content\/uploads\/2018\/08\/de-luca-10.jpg","author_info":{"display_name":"red.me","author_link":"https:\/\/www.messinaoggi.it\/website\/author\/red-me\/"},"digistream_id":0,"digistream":false,"_links":{"self":[{"href":"https:\/\/www.messinaoggi.it\/website\/wp-json\/wp\/v2\/posts\/22770"}],"collection":[{"href":"https:\/\/www.messinaoggi.it\/website\/wp-json\/wp\/v2\/posts"}],"about":[{"href":"https:\/\/www.messinaoggi.it\/website\/wp-json\/wp\/v2\/types\/post"}],"author":[{"embeddable":true,"href":"https:\/\/www.messinaoggi.it\/website\/wp-json\/wp\/v2\/users\/15"}],"replies":[{"embeddable":true,"href":"https:\/\/www.messinaoggi.it\/website\/wp-json\/wp\/v2\/comments?post=22770"}],"version-history":[{"count":0,"href":"https:\/\/www.messinaoggi.it\/website\/wp-json\/wp\/v2\/posts\/22770\/revisions"}],"wp:featuredmedia":[{"embeddable":true,"href":"https:\/\/www.messinaoggi.it\/website\/wp-json\/wp\/v2\/media\/22771"}],"wp:attachment":[{"href":"https:\/\/www.messinaoggi.it\/website\/wp-json\/wp\/v2\/media?parent=22770"}],"wp:term":[{"taxonomy":"category","embeddable":true,"href":"https:\/\/www.messinaoggi.it\/website\/wp-json\/wp\/v2\/categories?post=22770"},{"taxonomy":"post_tag","embeddable":true,"href":"https:\/\/www.messinaoggi.it\/website\/wp-json\/wp\/v2\/tags?post=22770"}],"curies":[{"name":"wp","href":"https:\/\/api.w.org\/{rel}","templated":true}]}}