{"id":22768,"date":"2018-08-01T16:30:44","date_gmt":"2018-08-01T14:30:44","guid":{"rendered":"http:\/\/www.messinaoggi.it\/website\/?p=22768"},"modified":"2018-08-01T16:30:44","modified_gmt":"2018-08-01T14:30:44","slug":"acr-messina-bossa-che-onore-essere-rimasto","status":"publish","type":"post","link":"https:\/\/www.messinaoggi.it\/website\/2018\/08\/01\/acr-messina-bossa-che-onore-essere-rimasto\/","title":{"rendered":"Acr Messina, Bossa: &quot;Che onore essere rimasto&quot;"},"content":{"rendered":"<p>Primi giorni di ritiro per il Messina, che punta a vivere una stagione da protagonista in Serie D, senza dimenticare l\u2019opzione ripescaggio a cui la societ\u00e0 continua a lavorare. Sul terreno di gioco della cittadella sportiva dell\u2019Annunziata, i ragazzi di Peppe Raffaele stanno mettendo benzina nelle gambe. Tra i confermati anche Fabio Bossa, pronto a ritagliarsi uno spazio importante nella squadra della propria citt\u00e0: \u201c<em>Ci stiamo trovando bene in questa struttura nuova. Ci sono tante comodit\u00e0 come la palestra, il campo in erba sintetica, la piscina e le stanze. Il caldo \u00e8 normale che ci sia in estate, ma dobbiamo fare tutti dei sacrifici per una giusta causa\u201d.<\/em><br \/>\nUn giudizio su Raffaele, che sta cercando di far capire ai propri giocatori la sua idea di calcio<em>: \u201cIl mister e il suo staff sono molto preparati. Me ne avevano parlato bene e sono contento che siano adesso qui a Messina\u201d. <\/em>Al momento una rosa composta per lo pi\u00f9 da giovani, le uniche eccezioni (di lusso) sono rappresentate da Cossentino e Gambino<em>: \u201cNon guardo molto all\u2019et\u00e0, sta a noi giocatori, sia under che over, dimostrare il nostro valore, poi il mister far\u00e0 le sue scelte. Anche i pi\u00f9 giovani, al loro primo vero ritiro tra i grandi, si ambienteranno e daranno la loro mano. Cossentino e Gambino si sono presentati bene, cercano di fare gruppo, sono molto umili. I miei obiettivi personali? Fare meglio dell\u2019anno scorso\u201d.<\/em><div id=\"div-gpt-ad-Messinaoggi.it-DSK-300x250-corpoart\" style=\"text-align:center;margin:0 auto;\"><\/div><\/p>\n<div id=\"videoincontent\" style=\"clear:both\";><\/div>","protected":false},"excerpt":{"rendered":"<p>Primi giorni di ritiro per il Messina, che punta a vivere una stagione da protagonista in Serie D, senza dimenticare l\u2019opzione ripescaggio a cui la societ\u00e0 continua a lavorare. Sul terreno di gioco della cittadella sportiva dell\u2019Annunziata, i ragazzi di Peppe Raffaele stanno mettendo benzina nelle gambe. Tra i confermati anche Fabio Bossa, pronto a [&hellip;]<\/p>\n","protected":false},"author":14,"featured_media":12375,"comment_status":"closed","ping_status":"open","sticky":false,"template":"","format":"standard","meta":{"ub_ctt_via":"","_mi_skip_tracking":false},"categories":[10],"tags":[],"featured_image_src":"https:\/\/www.messinaoggi.it\/website\/wp-content\/uploads\/2017\/12\/acr-messina-RRP_5656.jpg","author_info":{"display_name":"Antonio Macauda","author_link":"https:\/\/www.messinaoggi.it\/website\/author\/a-macauda\/"},"digistream_id":0,"digistream":false,"_links":{"self":[{"href":"https:\/\/www.messinaoggi.it\/website\/wp-json\/wp\/v2\/posts\/22768"}],"collection":[{"href":"https:\/\/www.messinaoggi.it\/website\/wp-json\/wp\/v2\/posts"}],"about":[{"href":"https:\/\/www.messinaoggi.it\/website\/wp-json\/wp\/v2\/types\/post"}],"author":[{"embeddable":true,"href":"https:\/\/www.messinaoggi.it\/website\/wp-json\/wp\/v2\/users\/14"}],"replies":[{"embeddable":true,"href":"https:\/\/www.messinaoggi.it\/website\/wp-json\/wp\/v2\/comments?post=22768"}],"version-history":[{"count":0,"href":"https:\/\/www.messinaoggi.it\/website\/wp-json\/wp\/v2\/posts\/22768\/revisions"}],"wp:featuredmedia":[{"embeddable":true,"href":"https:\/\/www.messinaoggi.it\/website\/wp-json\/wp\/v2\/media\/12375"}],"wp:attachment":[{"href":"https:\/\/www.messinaoggi.it\/website\/wp-json\/wp\/v2\/media?parent=22768"}],"wp:term":[{"taxonomy":"category","embeddable":true,"href":"https:\/\/www.messinaoggi.it\/website\/wp-json\/wp\/v2\/categories?post=22768"},{"taxonomy":"post_tag","embeddable":true,"href":"https:\/\/www.messinaoggi.it\/website\/wp-json\/wp\/v2\/tags?post=22768"}],"curies":[{"name":"wp","href":"https:\/\/api.w.org\/{rel}","templated":true}]}}