{"id":227568,"date":"2025-02-05T11:10:42","date_gmt":"2025-02-05T10:10:42","guid":{"rendered":"http:\/\/www.messinaoggi.it\/website\/?p=227568"},"modified":"2025-02-05T11:10:57","modified_gmt":"2025-02-05T10:10:57","slug":"dario-carbone-fdi-interroga-gli-assessori-su-via-santa-marta-via-cardines-e-impianti-sportivi","status":"publish","type":"post","link":"https:\/\/www.messinaoggi.it\/website\/2025\/02\/05\/dario-carbone-fdi-interroga-gli-assessori-su-via-santa-marta-via-cardines-e-impianti-sportivi\/","title":{"rendered":"Dario Carbone (FdI) interroga gli assessori su Via Santa Marta, Via Cardines e impianti sportivi"},"content":{"rendered":"\n<p>Il Consigliere Comunale <strong>Dario Carbone<\/strong> di \u201cFratelli d\u2019Italia\u201d ha presentato tre interrogazioni urgenti a risposta orale al Presidente del Consiglio Comunale chiedendo la trattazione degli argomenti di fronte agli assessori competenti nella giornata di oggi. <div id=\"div-gpt-ad-Messinaoggi.it-DSK-300x250-corpoart\" style=\"text-align:center;margin:0 auto;\"><\/div><\/p>\n\n\n\n<p>Gli importanti argomenti dei quali si \u00e8 discusso sono: stato della procedura di riqualificazione della galleria Santa Marta e aree limitrofe; ristrutturazione degli impianti sportivi comunali PalaRescifina, PalaTracuzzi, PalaRussello, Palestra Juvara e Palestra Majorana; stato di persistente degrado della via Cardines e dell\u2019area limitrofa ed ipotesi di riqualificazione dell\u2019area.  <div id=\"videoincontent\" style=\"clear:both\";><\/div><\/p>\n\n\n\n<p>Saranno presenti, ciascuno per quanto di competenza, gli assessori <strong>Massimo Finocchiaro<\/strong>, <strong>Francesco Caminiti<\/strong> e <strong>Roberto Cicala<\/strong>.  <\/p>\n\n\n\n<p>\u201cHo ritenuto opportuno presentare delle interrogazioni su argomenti importanti per la cittadinanza chiedendo la risposta orale degli assessori competenti in un apposito Consiglio Comunale al fine di conoscere chiaramente e senza possibilit\u00e0 di fraintendimenti le intenzioni dell\u2019Amministrazione Basile\u201d ha dichiarato il Consigliere Carbone.  <\/p>\n\n\n\n<p>\u201cCon riferimento allo stato della procedura di riqualificazione della galleria Santa Marta ho potuto apprendere dal confronto con l\u2019Assessore Caminiti che si stanno ultimando gli interventi volti a rimuovere le copiose infiltrazioni d\u2019acqua dalla volta e dalle pareti della galleria e che siano in programma ulteriori interventi di manutenzione volti a scongiurare anche il ripresentarsi di reflui fognari. In relazione alle tempistiche ed alle ipotesi di riapertura l\u2019assessore ha dichiarato che la stessa potr\u00e0 avvenire soltanto a seguito dell\u2019intervento del Commissario Straordinario al dissesto idrogeologico per il consolidamento strutturale della parte a monte\u201d continua il Consigliere Carbone.  <\/p>\n\n\n\n<p>\u201cIn relazione alla tematica della ristrutturazione degli impianti sportivi comunali PalaRescifina, PalaTracuzzi, PalaRussello, Palestra Juvara e Palestra Majorana occorrer\u00e0 ricordare che si susseguono le immagini di copiose infiltrazioni d\u2019acqua provenienti dai tetti che hanno causato numerosi disagi agli spettatori ed agli atleti durante numerosi match sportivi ed inoltre come alcuni tra gli impianti citati soffrono di problematiche ataviche in ordine, ad esempio, alla obsolescenza degli infissi, alla insufficienza di areazione ed illuminazione, all\u2019umidit\u00e0 delle mura, alla precariet\u00e0 delle condizioni degli spalti o alla inagibilit\u00e0 di alcune parti\u201d continua Carbone.  \u201cLa situazione di persistente degrado e di assenza di decoro della via Cardines e dell\u2019area limitrofa di via Cratemene \u00e8 stata oggetto di confronto con l\u2019Assessore al Patrimonio Cicala ed ho rappresentato come non \u00e8 pi\u00f9 procrastinabile la procedura di riqualificazione e rifacimento della pavimentazione dell\u2019area pedonale della summenzionata centralissima via, percorsa giornalmente da centinaia di cittadini e turisti. L\u2019assessore ha risposto che entro il 15 di marzo sar\u00e0 terminata la procedura di bonifica dell\u2019area con buone probabilit\u00e0 di rifacimento della pavimentazione dell\u2019area pedonale\u201d conclude Carbone. <\/p>\n","protected":false},"excerpt":{"rendered":"<p>Il Consigliere Comunale Dario Carbone di \u201cFratelli d\u2019Italia\u201d ha presentato tre interrogazioni urgenti a risposta orale al Presidente del Consiglio Comunale chiedendo la trattazione degli argomenti di fronte agli assessori competenti nella giornata di oggi. Gli importanti argomenti dei quali si \u00e8 discusso sono: stato della procedura di riqualificazione della galleria Santa Marta e aree [&hellip;]<\/p>\n","protected":false},"author":15,"featured_media":127609,"comment_status":"open","ping_status":"open","sticky":false,"template":"","format":"standard","meta":{"ub_ctt_via":"","_mi_skip_tracking":false},"categories":[4,6],"tags":[46,3756,1263,11285],"featured_image_src":"https:\/\/www.messinaoggi.it\/website\/wp-content\/uploads\/2022\/10\/image3.jpeg","author_info":{"display_name":"red.me","author_link":"https:\/\/www.messinaoggi.it\/website\/author\/red-me\/"},"digistream_id":0,"digistream":false,"_links":{"self":[{"href":"https:\/\/www.messinaoggi.it\/website\/wp-json\/wp\/v2\/posts\/227568"}],"collection":[{"href":"https:\/\/www.messinaoggi.it\/website\/wp-json\/wp\/v2\/posts"}],"about":[{"href":"https:\/\/www.messinaoggi.it\/website\/wp-json\/wp\/v2\/types\/post"}],"author":[{"embeddable":true,"href":"https:\/\/www.messinaoggi.it\/website\/wp-json\/wp\/v2\/users\/15"}],"replies":[{"embeddable":true,"href":"https:\/\/www.messinaoggi.it\/website\/wp-json\/wp\/v2\/comments?post=227568"}],"version-history":[{"count":3,"href":"https:\/\/www.messinaoggi.it\/website\/wp-json\/wp\/v2\/posts\/227568\/revisions"}],"predecessor-version":[{"id":227571,"href":"https:\/\/www.messinaoggi.it\/website\/wp-json\/wp\/v2\/posts\/227568\/revisions\/227571"}],"wp:featuredmedia":[{"embeddable":true,"href":"https:\/\/www.messinaoggi.it\/website\/wp-json\/wp\/v2\/media\/127609"}],"wp:attachment":[{"href":"https:\/\/www.messinaoggi.it\/website\/wp-json\/wp\/v2\/media?parent=227568"}],"wp:term":[{"taxonomy":"category","embeddable":true,"href":"https:\/\/www.messinaoggi.it\/website\/wp-json\/wp\/v2\/categories?post=227568"},{"taxonomy":"post_tag","embeddable":true,"href":"https:\/\/www.messinaoggi.it\/website\/wp-json\/wp\/v2\/tags?post=227568"}],"curies":[{"name":"wp","href":"https:\/\/api.w.org\/{rel}","templated":true}]}}