{"id":22751,"date":"2018-08-01T12:13:30","date_gmt":"2018-08-01T10:13:30","guid":{"rendered":"http:\/\/www.messinaoggi.it\/website\/?p=22751"},"modified":"2018-08-01T12:13:30","modified_gmt":"2018-08-01T10:13:30","slug":"consiglio-da-domani-si-fa-sul-serio-ma-e-gia-caccia-alla-presidenza-delle-commissioni","status":"publish","type":"post","link":"https:\/\/www.messinaoggi.it\/website\/2018\/08\/01\/consiglio-da-domani-si-fa-sul-serio-ma-e-gia-caccia-alla-presidenza-delle-commissioni\/","title":{"rendered":"Consiglio, da domani si fa sul serio ma \u00e8 gi\u00e0 caccia alla presidenza delle commissioni"},"content":{"rendered":"<p style=\"text-align: justify\">Per l\u2019Ufficio di Presidenza, ormai, i giochi sono fatti e non si torna indietro, ma qualche malumore c\u2019\u00e8. Alla fine, per\u00f2, far\u00e0 fede quanto stabilito nell\u2019ultimo Consiglio Comunale, cos\u00ec da domani l\u2019attivit\u00e0 del civico consesso entrer\u00e0 a pieno regime, almeno fino alla canonica pausa estiva. In molti, soprattutto tra i banchi del centrodestra, hanno storto il muso per l\u2019impostazione data al lavoro dell\u2019aula, che preveder\u00e0 due sedute di commissione al giorno. Ci\u00f2 che per\u00f2 non \u00e8 andato gi\u00f9 a qualche consigliere \u00e8 che il marted\u00ec e il gioved\u00ec, una seduta si svolger\u00e0 alle 16,30 oltre alla canonico appuntamento delle 11,30, confermato anche il luned\u00ec e il mercoled\u00ec, quando per\u00f2 la commissione di turno si riunir\u00e0 anche alle 9,30.<div id=\"div-gpt-ad-Messinaoggi.it-DSK-300x250-corpoart\" style=\"text-align:center;margin:0 auto;\"><\/div><\/p>\n<p style=\"text-align: justify\">Secondo qualche consigliere lo svolgimento dei lavori in orario pomeridiano renderebbe qualche problema, ma appare del tutto improbabile un cambio in corsa. Da domani, dunque, si torna a fare sul serio e si rimettono anche le tattiche politiche per la suddivisione delle presidenze delle varie commissioni. Anche in questo caso, dovrebbe essere il Movimento 5 Stelle\u00a0 fare la voce grossa, visto che ben tre presidenze su otto spetterebbero ai pentastellati. Ben due presidenze toccherebbero alla lista Libera Me, mentre una sola presidenza dovrebbe essere targata Partito Democratico. Le restanti due spetterebbero ad un centrodestra che si lecca ancora le ferite dopo esser rimasto fuori dall\u2019Ufficio di Presidenza.<div id=\"videoincontent\" style=\"clear:both\";><\/div><\/p>\n<p style=\"text-align: justify\">In questo scenario non mancano le candidature di chi ambisce a guidare una delle commissioni di cui fa parte. Ad esempio, non \u00e8 un mistero che Gaetano Sciacca punti alla guida della VI commissione, quella alla Pianificazione Urbana. In ambito del centrosinistra, uno dei nomi che circola \u00e8 quello di Massimo Rizzo (Libera Me), presente nella commissione Mobilit\u00e0 e Lavori Pubblici, Bilancio e Politiche Finanziarie, Sviluppo Economico e Piano Strategico, Scuola e Politiche Culturali, Pianificazione Urbana e Politiche Sociali. Chi punta ad una presidenza, ma in ambito centrodestra, sono Giovanni Scavello (presente nelle commissioni Mobilit\u00e0 e Lavori Pubblici, Bilancio e Politiche Finanziarie, Igiene e Sanit\u00e0, Sviluppo Economico, Scuola e Politiche Culturali, Pianificazione Urbana e Politiche Sociali) ed Ugo Zante (presente nelle commissioni Bilancio e Politiche Finanziarie, Igiene e Sanit\u00e0, Sviluppo Economico, Scuola e Politiche Culturali, Pianificazione Urbana e \u00a0Politiche Sociali).<\/p>\n","protected":false},"excerpt":{"rendered":"<p>Per l\u2019Ufficio di Presidenza, ormai, i giochi sono fatti e non si torna indietro, ma qualche malumore c\u2019\u00e8. Alla fine, per\u00f2, far\u00e0 fede quanto stabilito nell\u2019ultimo Consiglio Comunale, cos\u00ec da domani l\u2019attivit\u00e0 del civico consesso entrer\u00e0 a pieno regime, almeno fino alla canonica pausa estiva. In molti, soprattutto tra i banchi del centrodestra, hanno storto [&hellip;]<\/p>\n","protected":false},"author":14,"featured_media":21224,"comment_status":"closed","ping_status":"open","sticky":false,"template":"","format":"standard","meta":{"ub_ctt_via":"","_mi_skip_tracking":false},"categories":[6],"tags":[],"featured_image_src":"https:\/\/www.messinaoggi.it\/website\/wp-content\/uploads\/2018\/06\/consiglio-1.jpg","author_info":{"display_name":"Antonio Macauda","author_link":"https:\/\/www.messinaoggi.it\/website\/author\/a-macauda\/"},"digistream_id":0,"digistream":false,"_links":{"self":[{"href":"https:\/\/www.messinaoggi.it\/website\/wp-json\/wp\/v2\/posts\/22751"}],"collection":[{"href":"https:\/\/www.messinaoggi.it\/website\/wp-json\/wp\/v2\/posts"}],"about":[{"href":"https:\/\/www.messinaoggi.it\/website\/wp-json\/wp\/v2\/types\/post"}],"author":[{"embeddable":true,"href":"https:\/\/www.messinaoggi.it\/website\/wp-json\/wp\/v2\/users\/14"}],"replies":[{"embeddable":true,"href":"https:\/\/www.messinaoggi.it\/website\/wp-json\/wp\/v2\/comments?post=22751"}],"version-history":[{"count":0,"href":"https:\/\/www.messinaoggi.it\/website\/wp-json\/wp\/v2\/posts\/22751\/revisions"}],"wp:featuredmedia":[{"embeddable":true,"href":"https:\/\/www.messinaoggi.it\/website\/wp-json\/wp\/v2\/media\/21224"}],"wp:attachment":[{"href":"https:\/\/www.messinaoggi.it\/website\/wp-json\/wp\/v2\/media?parent=22751"}],"wp:term":[{"taxonomy":"category","embeddable":true,"href":"https:\/\/www.messinaoggi.it\/website\/wp-json\/wp\/v2\/categories?post=22751"},{"taxonomy":"post_tag","embeddable":true,"href":"https:\/\/www.messinaoggi.it\/website\/wp-json\/wp\/v2\/tags?post=22751"}],"curies":[{"name":"wp","href":"https:\/\/api.w.org\/{rel}","templated":true}]}}