{"id":227434,"date":"2025-02-04T10:35:45","date_gmt":"2025-02-04T09:35:45","guid":{"rendered":"http:\/\/www.messinaoggi.it\/website\/?p=227434"},"modified":"2025-02-04T10:35:51","modified_gmt":"2025-02-04T09:35:51","slug":"crisi-del-commercio-le-proposte-della-lega","status":"publish","type":"post","link":"https:\/\/www.messinaoggi.it\/website\/2025\/02\/04\/crisi-del-commercio-le-proposte-della-lega\/","title":{"rendered":"Crisi del commercio, le proposte della Lega"},"content":{"rendered":"\n<p>Eliminazione dei cordoli in viale San Martino nel tratto da via Santa Cecilia a Villa Dante, rimozione con piantumazione in un luogo pi\u00f9 idoneo degli alberi piantati da Messinaservizi in centro e introduzione nel bilancio comunale di somme destinate al sostegno delle attivit\u00e0 commerciali locali.<div id=\"div-gpt-ad-Messinaoggi.it-DSK-300x250-corpoart\" style=\"text-align:center;margin:0 auto;\"><\/div><\/p>\n\n\n\n<p>Queste le proposte di Prima l&#8217;Italia per contribuire al rilancio del commercio in citt\u00e0, argomento del quale si \u00e8 discusso oggi nel corso di una seduta straordinaria del Consiglio comunale.<div id=\"videoincontent\" style=\"clear:both\";><\/div><\/p>\n\n\n\n<p>\u201cCon buona pace di chi non \u00e8 d&#8217;accordo, riteniamo che l&#8217;eliminazione dei cordoli nella parte finale del viale San Martino, che consentirebbe la sosta breve prevista dal Codice della Strada, potrebbe essere d&#8217;aiuto ai commercianti che ogni giorno lottano per tenere sollevate le saracinesche -dichiarano il capogruppo di Prima l&#8217;Italia <strong>Cosimo Oteri<\/strong> e le consigliere <strong>Amalia Centofanti<\/strong> e <strong>Rosaria D&#8217;Arrigo<\/strong>. &#8211; Quanto alla scelta portata avanti con il progetto Forestame di piantumare gli alberi nell&#8217;asfalto e non nel marciapiede, non possiamo che contestarla visto che si sono persi un centinaio di posti aiuto in centro e mettere nel conto quelli realizzati in altre aree non conforta certo chi vive o lavora dove sono stati eliminati. Tra l&#8217;altro, proprio in questa zona a breve inizieranno i lavori su reti idriche e pavimentazione e per i residenti sar\u00e0 davvero un inferno\u201d.<\/p>\n\n\n\n<p>Altra proposta di Prima l&#8217;Italia \u00e8 quella di attivare il baratto amministrativo per i commercianti che a causa della crisi non riescono a stare al passo con i tributi comunali.<\/p>\n\n\n\n<p>\u201cSe \u00e8 vero che il commercio online ha avuto effetti devastanti su quello locale &#8211; concludono Oteri, Centofanti e D&#8217;Arrigo &#8211; \u00e8 altrettanto vero che le scelte in tema di mobilit\u00e0 dell&#8217;amministrazione hanno dato un colpo di grazia e con il PUMS sar\u00e0 ancora peggio, visto che privilegia l&#8217;uso dei mezzi della cosiddetta mobilit\u00e0 sostenibile e il parcheggio solo per i residenti. Speriamo che l&#8217;amministrazione faccia un passo indietro e si attivi concretamente, anche facendo proprie le nostre proposte, dando cos\u00ec un segnale concreto ai negozianti che ancora resistono\u201d.<\/p>\n","protected":false},"excerpt":{"rendered":"<p>Eliminazione dei cordoli in viale San Martino nel tratto da via Santa Cecilia a Villa Dante, rimozione con piantumazione in un luogo pi\u00f9 idoneo degli alberi piantati da Messinaservizi in centro e introduzione nel bilancio comunale di somme destinate al sostegno delle attivit\u00e0 commerciali locali. Queste le proposte di Prima l&#8217;Italia per contribuire al rilancio [&hellip;]<\/p>\n","protected":false},"author":15,"featured_media":227438,"comment_status":"open","ping_status":"open","sticky":false,"template":"","format":"standard","meta":{"ub_ctt_via":"","_mi_skip_tracking":false},"categories":[4,6],"tags":[1291,5118,4936],"featured_image_src":"https:\/\/www.messinaoggi.it\/website\/wp-content\/uploads\/2025\/02\/Prima-lItalia-1-DArrigo-Oteri-Centofanti-e1751394042120.jpg","author_info":{"display_name":"red.me","author_link":"https:\/\/www.messinaoggi.it\/website\/author\/red-me\/"},"digistream_id":0,"digistream":false,"_links":{"self":[{"href":"https:\/\/www.messinaoggi.it\/website\/wp-json\/wp\/v2\/posts\/227434"}],"collection":[{"href":"https:\/\/www.messinaoggi.it\/website\/wp-json\/wp\/v2\/posts"}],"about":[{"href":"https:\/\/www.messinaoggi.it\/website\/wp-json\/wp\/v2\/types\/post"}],"author":[{"embeddable":true,"href":"https:\/\/www.messinaoggi.it\/website\/wp-json\/wp\/v2\/users\/15"}],"replies":[{"embeddable":true,"href":"https:\/\/www.messinaoggi.it\/website\/wp-json\/wp\/v2\/comments?post=227434"}],"version-history":[{"count":3,"href":"https:\/\/www.messinaoggi.it\/website\/wp-json\/wp\/v2\/posts\/227434\/revisions"}],"predecessor-version":[{"id":227437,"href":"https:\/\/www.messinaoggi.it\/website\/wp-json\/wp\/v2\/posts\/227434\/revisions\/227437"}],"wp:featuredmedia":[{"embeddable":true,"href":"https:\/\/www.messinaoggi.it\/website\/wp-json\/wp\/v2\/media\/227438"}],"wp:attachment":[{"href":"https:\/\/www.messinaoggi.it\/website\/wp-json\/wp\/v2\/media?parent=227434"}],"wp:term":[{"taxonomy":"category","embeddable":true,"href":"https:\/\/www.messinaoggi.it\/website\/wp-json\/wp\/v2\/categories?post=227434"},{"taxonomy":"post_tag","embeddable":true,"href":"https:\/\/www.messinaoggi.it\/website\/wp-json\/wp\/v2\/tags?post=227434"}],"curies":[{"name":"wp","href":"https:\/\/api.w.org\/{rel}","templated":true}]}}