{"id":227412,"date":"2025-02-03T20:05:45","date_gmt":"2025-02-03T19:05:45","guid":{"rendered":"https:\/\/www.messinaoggi.it\/website\/2025\/02\/03\/dazi-foti-meloni-puo-essere-un-elemento-di-moderazione\/"},"modified":"2025-02-03T20:05:45","modified_gmt":"2025-02-03T19:05:45","slug":"dazi-foti-meloni-puo-essere-un-elemento-di-moderazione","status":"publish","type":"post","link":"https:\/\/www.messinaoggi.it\/website\/2025\/02\/03\/dazi-foti-meloni-puo-essere-un-elemento-di-moderazione\/","title":{"rendered":"Dazi, Foti \u201cMeloni pu\u00f2 essere un elemento di moderazione\u201d"},"content":{"rendered":"<div>ROMA (ITALPRESS) &#8211; Sui dazi, &#8220;un conto \u00e8 parlarne, un conto \u00e8 applicarli. Bisognerebbe vedere se ci sono e su cosa si muovono. Occorre comunque trattare sotto questo profilo&#8221;. Lo ha detto il ministro per gli Affari europei, Tommaso Foti, durante un convegno al Senato. &#8220;Per qualcuno il problema \u00e8 stato che Meloni \u00e8 andata due volte da Trump, forse Meloni potrebbe essere un elemento di moderazione rispetto alle pretese che possono esserci&#8221;, ha aggiunto. Secondo il ministro, poi, il tema del green deal &#8220;non deve essere un&#8217;ideologia, altrimenti ci porta fuori strada. L&#8217;Europa ha diminuito le sue emissioni, mentre altri Paesi come Russia, India e Cina le hanno aumentate: per il sistema delle imprese, diventa difficile competere con delle politiche cos\u00ec diametralmente opposte. La decarbonizzazione non deve portare alla deindustrializzazione: se questo \u00e8 il passaggio, l&#8217;UE &#8211; a causa del calo demografico &#8211; sar\u00e0 un giardinetto di anziani e non sar\u00e0 pi\u00f9 un continente protagonista dell&#8217;economia mondiale&#8221;, ha concluso Foti.<br \/>(ITALPRESS).<br \/>-Foto: Agenzia Fotogramma-<\/div>\n<div id=\"div-gpt-ad-Messinaoggi.it-DSK-300x250-corpoart\" style=\"text-align:center;margin:0 auto;\"><\/div><\/p><div id=\"videoincontent\" style=\"clear:both\";><\/div>","protected":false},"excerpt":{"rendered":"<p>ROMA (ITALPRESS) &#8211; Sui dazi, &#8220;un conto \u00e8 parlarne, un conto \u00e8 applicarli. Bisognerebbe vedere se ci sono e su cosa si muovono. Occorre comunque trattare sotto questo profilo&#8221;. Lo ha detto il ministro per gli Affari europei, Tommaso Foti, durante un convegno al Senato. &#8220;Per qualcuno il problema \u00e8 stato che Meloni \u00e8 andata [&hellip;]<\/p>\n","protected":false},"author":18,"featured_media":227413,"comment_status":"closed","ping_status":"closed","sticky":false,"template":"","format":"standard","meta":{"ub_ctt_via":"","_mi_skip_tracking":false},"categories":[446],"tags":[783],"featured_image_src":"https:\/\/www.messinaoggi.it\/website\/wp-content\/uploads\/2025\/02\/20250203_2170.jpg","author_info":{"display_name":"Admin","author_link":"https:\/\/www.messinaoggi.it\/website\/author\/admin\/"},"digistream_id":0,"digistream":false,"_links":{"self":[{"href":"https:\/\/www.messinaoggi.it\/website\/wp-json\/wp\/v2\/posts\/227412"}],"collection":[{"href":"https:\/\/www.messinaoggi.it\/website\/wp-json\/wp\/v2\/posts"}],"about":[{"href":"https:\/\/www.messinaoggi.it\/website\/wp-json\/wp\/v2\/types\/post"}],"author":[{"embeddable":true,"href":"https:\/\/www.messinaoggi.it\/website\/wp-json\/wp\/v2\/users\/18"}],"replies":[{"embeddable":true,"href":"https:\/\/www.messinaoggi.it\/website\/wp-json\/wp\/v2\/comments?post=227412"}],"version-history":[{"count":0,"href":"https:\/\/www.messinaoggi.it\/website\/wp-json\/wp\/v2\/posts\/227412\/revisions"}],"wp:featuredmedia":[{"embeddable":true,"href":"https:\/\/www.messinaoggi.it\/website\/wp-json\/wp\/v2\/media\/227413"}],"wp:attachment":[{"href":"https:\/\/www.messinaoggi.it\/website\/wp-json\/wp\/v2\/media?parent=227412"}],"wp:term":[{"taxonomy":"category","embeddable":true,"href":"https:\/\/www.messinaoggi.it\/website\/wp-json\/wp\/v2\/categories?post=227412"},{"taxonomy":"post_tag","embeddable":true,"href":"https:\/\/www.messinaoggi.it\/website\/wp-json\/wp\/v2\/tags?post=227412"}],"curies":[{"name":"wp","href":"https:\/\/api.w.org\/{rel}","templated":true}]}}