{"id":227410,"date":"2025-02-03T20:05:42","date_gmt":"2025-02-03T19:05:42","guid":{"rendered":"https:\/\/www.messinaoggi.it\/website\/2025\/02\/03\/cristiano-cerchiai-eletto-nuovo-presidente-della-federgolf\/"},"modified":"2025-02-03T20:05:42","modified_gmt":"2025-02-03T19:05:42","slug":"cristiano-cerchiai-eletto-nuovo-presidente-della-federgolf","status":"publish","type":"post","link":"https:\/\/www.messinaoggi.it\/website\/2025\/02\/03\/cristiano-cerchiai-eletto-nuovo-presidente-della-federgolf\/","title":{"rendered":"Cristiano Cerchiai eletto nuovo presidente della Federgolf"},"content":{"rendered":"<div>ROMA (ITALPRESS) &#8211; Cristiano Cerchiai \u00e8 il nuovo presidente della Federazione italiana golf. Nell&#8217;Assemblea elettiva straordinaria, riunita al salone d&#8217;onore del Coni, il presidente eletto ha raccolto 2.648 voti, pari al 64,90% delle preferenze, superando l&#8217;altro candidato Luca Collini che si \u00e8 fermato a 929 voti, pari al 35,10% delle preferenze. &#8220;Durante il prossimo mandato la Federazione si muover\u00e0 sulla base del rispetto di un criterio di sostenibilit\u00e0 economica e finanziaria. La parola d&#8217;ordine sar\u00e0 quella di creare nuovi tesserati e accrescere il movimento. Posso garantirvi che con grande umilt\u00e0 e determinazione, lavoreremo per raggiungere gli obiettivi prefissati&#8221; le parole del neo presidente. &#8220;Sicuramente i tre temi principali sono: lavorare sul cambiamento della comunicazione, aprire questo confronto con tutto il mondo dei professionisti e dei tecnici e mettere a disposizione un servizio di assistenza ai circoli. Partiamo da qua e da qua cresciamo, tutti insieme &#8211;  prosegue il nuovo numero 1 della Federgolf -. Il movimento pu\u00f2 crescere con una sana e giusta comunicazione, lottando contro questa percezione che ha oggi il golf. Sicuramente, entro la fine del mandato vedremo il segno positivo sul numero dei tesserati. Io ho avuto un candidato che meritava la mia stessa sorte. Non \u00e8 una questione di differenza di voti, lo ringrazio perch\u00e8 \u00e8 stata una campagna elettorale impegnativa. Siamo tutti grandi appassionati di golf, adesso l&#8217;importante \u00e8 che si cominci a lavorare per la crescita del movimento&#8221;, conclude. Successivamente  l&#8217;Assemblea ha visto anche l&#8217;elezione dei consiglieri in rappresentanza degli affiliati: Stella Coppi, Maria Amelia Lolli Ghetti, Franco Piras, Renato Cerioli, Stefano Frigeri, Alberto Treves De Bonfili, Armando Antonio Carole Borghi. In rappresentanza degli atleti dilettanti, Silvia Valli. In rappresentanza degli atleti professionisti, Vittorio Andrea Vaccaro. In rappresentanza dei tecnici, Stefano Betti.  <br \/>&#8211; foto spf\/Italpress &#8211;<br \/>(ITALPRESS).<\/div>\n<div id=\"div-gpt-ad-Messinaoggi.it-DSK-300x250-corpoart\" style=\"text-align:center;margin:0 auto;\"><\/div><\/p><div id=\"videoincontent\" style=\"clear:both\";><\/div>","protected":false},"excerpt":{"rendered":"<p>ROMA (ITALPRESS) &#8211; Cristiano Cerchiai \u00e8 il nuovo presidente della Federazione italiana golf. Nell&#8217;Assemblea elettiva straordinaria, riunita al salone d&#8217;onore del Coni, il presidente eletto ha raccolto 2.648 voti, pari al 64,90% delle preferenze, superando l&#8217;altro candidato Luca Collini che si \u00e8 fermato a 929 voti, pari al 35,10% delle preferenze. &#8220;Durante il prossimo mandato [&hellip;]<\/p>\n","protected":false},"author":18,"featured_media":227411,"comment_status":"closed","ping_status":"closed","sticky":false,"template":"","format":"standard","meta":{"ub_ctt_via":"","_mi_skip_tracking":false},"categories":[446],"tags":[783],"featured_image_src":"https:\/\/www.messinaoggi.it\/website\/wp-content\/uploads\/2025\/02\/20250203_2027.jpg","author_info":{"display_name":"Admin","author_link":"https:\/\/www.messinaoggi.it\/website\/author\/admin\/"},"digistream_id":0,"digistream":false,"_links":{"self":[{"href":"https:\/\/www.messinaoggi.it\/website\/wp-json\/wp\/v2\/posts\/227410"}],"collection":[{"href":"https:\/\/www.messinaoggi.it\/website\/wp-json\/wp\/v2\/posts"}],"about":[{"href":"https:\/\/www.messinaoggi.it\/website\/wp-json\/wp\/v2\/types\/post"}],"author":[{"embeddable":true,"href":"https:\/\/www.messinaoggi.it\/website\/wp-json\/wp\/v2\/users\/18"}],"replies":[{"embeddable":true,"href":"https:\/\/www.messinaoggi.it\/website\/wp-json\/wp\/v2\/comments?post=227410"}],"version-history":[{"count":0,"href":"https:\/\/www.messinaoggi.it\/website\/wp-json\/wp\/v2\/posts\/227410\/revisions"}],"wp:featuredmedia":[{"embeddable":true,"href":"https:\/\/www.messinaoggi.it\/website\/wp-json\/wp\/v2\/media\/227411"}],"wp:attachment":[{"href":"https:\/\/www.messinaoggi.it\/website\/wp-json\/wp\/v2\/media?parent=227410"}],"wp:term":[{"taxonomy":"category","embeddable":true,"href":"https:\/\/www.messinaoggi.it\/website\/wp-json\/wp\/v2\/categories?post=227410"},{"taxonomy":"post_tag","embeddable":true,"href":"https:\/\/www.messinaoggi.it\/website\/wp-json\/wp\/v2\/tags?post=227410"}],"curies":[{"name":"wp","href":"https:\/\/api.w.org\/{rel}","templated":true}]}}